{"id":43788,"date":"2023-08-14T12:20:33","date_gmt":"2023-08-14T18:20:33","guid":{"rendered":"https:\/\/encuentroinformativo.com.mx\/?p=43788"},"modified":"2023-08-14T12:20:38","modified_gmt":"2023-08-14T18:20:38","slug":"invitan-a-concierto-con-causa-para-evento-de-poetas-y-escritores","status":"publish","type":"post","link":"https:\/\/encuentroinformativo.com.mx\/?p=43788","title":{"rendered":"Invitan a concierto con causa para evento de poetas y escritores"},"content":{"rendered":"\n<p><strong>Dario Pale <\/strong><\/p>\n\n\n\n<p>Xalapa, Ver.- Javier Vitela Pabello cantante de \u00d3pera invito a la ciudadan\u00eda para que asistan al concierto con causa ya que lo que se recaude ser\u00e1 para un evento internacional de Poetas y escritores en el mes de octubre.<\/p>\n\n\n\n<p>En conferencia de prensa invitaron al concierto que ser\u00e1 el pr\u00f3ximo 22 de agosto en el JJ Herrera a las 19:00 horas y lo que se recaude ser\u00e1 a beneficio de la La Red de Escritores Veracruzanos (REV), y en el concierto participar\u00e1n el maestro Alejandro C\u00e1mara con su pianista, la orquesta del municipio y \u00e9l.<\/p>\n\n\n\n<p>Ser\u00e1 un programa de piezas internacionales empezar\u00e1n con antolog\u00eda Italiana, del siglo 18 y 17, de ah\u00ed canciones Napolitanas, y cerrar\u00e1n con canciones mexicanas de Agust\u00edn Lara entre otros.<\/p>\n\n\n\n<p>Los beneficios ser\u00e1n para la Red de Escritores Veracruzanos, Red de Escritores por el Arte y Literatura, ya que est\u00e1n organizando varios eventos durante el a\u00f1o, y buscan hacer un encuentro internacional para el mes de octubre, ya que vienen poetas y escritores internacionales que vienen a Xalapa en octubre.<\/p>\n\n\n\n<p>Finalmente reiteraron la invitaci\u00f3n a la ciudadan\u00eda para que asista al concierto con causa, y lo recaudado ser\u00e1 para el evento internacional los d\u00edas 6, 7 y 8 de octubre en la capital del estado.<\/p>\n","protected":false},"excerpt":{"rendered":"<p>Dario Pale Xalapa, Ver.- Javier Vitela Pabello cantante de \u00d3pera invito a la ciudadan\u00eda para que asistan al concierto con causa ya que lo que se recaude ser\u00e1 para un evento internacional de Poetas y escritores en el mes de octubre. En conferencia de prensa invitaron al concierto que ser\u00e1 el pr\u00f3ximo 22 de agosto [&hellip;]<\/p>\n","protected":false},"author":2476,"featured_media":43789,"comment_status":"open","ping_status":"open","sticky":false,"template":"","format":"standard","meta":{"_jetpack_memberships_contains_paid_content":false,"footnotes":""},"categories":[3],"tags":[],"class_list":["post-43788","post","type-post","status-publish","format-standard","has-post-thumbnail","hentry","category-xalapa"],"jetpack_featured_media_url":"https:\/\/encuentroinformativo.com.mx\/wp-content\/uploads\/2023\/08\/IMG-20230814-WA0028.jpg","jetpack_sharing_enabled":true,"jetpack_likes_enabled":true,"amp_enabled":true,"_links":{"self":[{"href":"https:\/\/encuentroinformativo.com.mx\/index.php?rest_route=\/wp\/v2\/posts\/43788","targetHints":{"allow":["GET"]}}],"collection":[{"href":"https:\/\/encuentroinformativo.com.mx\/index.php?rest_route=\/wp\/v2\/posts"}],"about":[{"href":"https:\/\/encuentroinformativo.com.mx\/index.php?rest_route=\/wp\/v2\/types\/post"}],"author":[{"embeddable":true,"href":"https:\/\/encuentroinformativo.com.mx\/index.php?rest_route=\/wp\/v2\/users\/2476"}],"replies":[{"embeddable":true,"href":"https:\/\/encuentroinformativo.com.mx\/index.php?rest_route=%2Fwp%2Fv2%2Fcomments&post=43788"}],"version-history":[{"count":1,"href":"https:\/\/encuentroinformativo.com.mx\/index.php?rest_route=\/wp\/v2\/posts\/43788\/revisions"}],"predecessor-version":[{"id":43790,"href":"https:\/\/encuentroinformativo.com.mx\/index.php?rest_route=\/wp\/v2\/posts\/43788\/revisions\/43790"}],"wp:featuredmedia":[{"embeddable":true,"href":"https:\/\/encuentroinformativo.com.mx\/index.php?rest_route=\/wp\/v2\/media\/43789"}],"wp:attachment":[{"href":"https:\/\/encuentroinformativo.com.mx\/index.php?rest_route=%2Fwp%2Fv2%2Fmedia&parent=43788"}],"wp:term":[{"taxonomy":"category","embeddable":true,"href":"https:\/\/encuentroinformativo.com.mx\/index.php?rest_route=%2Fwp%2Fv2%2Fcategories&post=43788"},{"taxonomy":"post_tag","embeddable":true,"href":"https:\/\/encuentroinformativo.com.mx\/index.php?rest_route=%2Fwp%2Fv2%2Ftags&post=43788"}],"curies":[{"name":"wp","href":"https:\/\/api.w.org\/{rel}","templated":true}]}}