{"id":43791,"date":"2023-08-14T12:31:33","date_gmt":"2023-08-14T18:31:33","guid":{"rendered":"https:\/\/encuentroinformativo.com.mx\/?p=43791"},"modified":"2023-08-14T12:31:39","modified_gmt":"2023-08-14T18:31:39","slug":"festival-mirar-distinto-atrae-turismo-internacional","status":"publish","type":"post","link":"https:\/\/encuentroinformativo.com.mx\/?p=43791","title":{"rendered":"Festival Mirar Distinto atrae turismo internacional"},"content":{"rendered":"\n<p><strong>Alejandro \u00c1vila<\/strong><\/p>\n\n\n\n<p>Veracruz, Ver.- Durante cuatro d\u00edas la ciudad de Veracruz fue sede del Festival Internacional de Fotograf\u00eda Period\u00edstica y Documental \u201cMirar Distinto\u201d, asistentes de diferentes pa\u00edses como Brasil, Colombia, Ecuador, Per\u00fa y de todo el pa\u00eds, participaron en m\u00e1s de 25 actividades y 10 exposiciones.&nbsp;<\/p>\n\n\n\n<p>Exponentes de la fotograf\u00eda, editores, curadores, productores visuales y gestores culturales reconocidos a nivel internacionales se reunieron para abordar tem\u00e1ticas de \u201cidentidad y medio ambiente\u201d desde una mirada distinta.&nbsp;<\/p>\n\n\n\n<p>En esta quinta edici\u00f3n del FIMD, se realizaron exposiciones, charlas, talleres, paneles, proyecciones de cine documental, fotograf\u00eda y presentaciones de libros en las que participaron 20 fot\u00f3grafos y fot\u00f3grafas como compartir experiencias profesionales, aprendiendo as\u00ed de manera colectiva.&nbsp;<\/p>\n\n\n\n<p>El Festival Mirar Distinto, cont\u00f3 con la distinguida participaci\u00f3n de fot\u00f3grafos reconocidos como Rodrigo ABD, actual ganador del Premio Pulitzer 2023 por su cobertura durante la guerra de Ucrania, as\u00ed\u0301 como Florence Goupil, fot\u00f3grafa documental peruana y colaboradora de National Geographic Society; Yael Marti\u0301nez, ganador del World Press Photo en 2022 y asociado de Magnun Photos, y Musuk Nolte, explorador de National Geographic que fue galardonado con el World Press Photo 2023.&nbsp;<\/p>\n\n\n\n<p>Con las exposiciones al aire libre y con acceso al p\u00fablico en espacios emblem\u00e1ticos como el malec\u00f3n de Veracruz, las vallas del Museo Naval y z\u00f3calo de Veracruz, se propuso generar inter\u00e9s en la sociedad sobre tem\u00e1ticas que repercuten en la vida diaria como es el medio ambiente e identidad, logrando que miles de veracruzanos y turistas apreciaran los trabajos de los fot\u00f3grafos y fot\u00f3grafas invitados.&nbsp;<\/p>\n\n\n\n<p>Durante este FIMD se mont\u00f3 por primera vez en Veracruz la exposici\u00f3n del World Press Photo, \u201cResiliencia\u201d, la cual fue inaugurada por el Embajador de los Pa\u00edses Bajos en M\u00e9xico, Wilfred Morh, el S\u00edndico de Veracruz, Manuel Rivera Polanco y el secretario ejecutivo de la Comisi\u00f3n Estatal para la Atenci\u00f3n y Protecci\u00f3n a Periodistas en Veracruz, Israel Hern\u00e1ndez Sosa.&nbsp;<\/p>\n\n\n\n<p>En la revisi\u00f3n de portafolio participaron 20 creadores, de los cuales 10 participantes resultaron ganadores, siendo el proyecto de Sara Meneses Cuapio, el que result\u00f3 premiado con el pr\u00e9stamo de una c\u00e1mara Leica Q2.&nbsp;<\/p>\n\n\n\n<p>Al respecto Betsy May, representante de Leica, reconoci\u00f3 el trabajo de los participantes en la revisi\u00f3n.&nbsp;<\/p>\n\n\n\n<p>\u201cEstamos contentos de participar este a\u00f1o, esperamos que podamos participar cada a\u00f1o y que cada vez sea m\u00e1s gente la que se una a este tipo de festivales y a este tipo de proyectos\u201d, indic\u00f3.&nbsp;<\/p>\n\n\n\n<p>Los productores del FIMD, Uzu Morales, Al\u00ed Mar\u00edn, F\u00e9lix M\u00e1rquez, Koral Carballo, Alejandra Nava y Yahir Ceballos, reconocieron el apoyo que tanto marcas internacionales como Leica y World Press Photo, as\u00ed como el Ayuntamiento de Veracruz, la Embajada de Pa\u00edses Bajos y la CEAPP dieron a \u201cMirar Distinto\u201d.&nbsp;<\/p>\n\n\n\n<p>Al t\u00e9rmino de la quinta edici\u00f3n, los organizadores tambi\u00e9n agradecieron a todos los asistentes que creyeron en el sue\u00f1o y confiaron en Mirar Distinto.&nbsp;<\/p>\n\n\n\n<p>\u201cGracias por venir, por estar tan abiertos, por creer en el Festival, para nosotros ha sido un trabajo que viene desde el alma, desde adentro del coraz\u00f3n estoy muy agradecida de toda la gente que ha cre\u00eddo en el festival\u201d, dijo la productora y directora de Exposiciones, Koral Carballo.&nbsp;<\/p>\n\n\n\n<p>\u201cGracias a quienes hicieron el esfuerzo para viajar, permisos para llegar aqu\u00ed, gracias a la gente de Veracruz que han adoptado las exposiciones, talleres, a este festival como propios, como parte de su ciudad y a la gente que viene de otras partes del pa\u00eds y especialmente a la gente que vino de Colombia, Per\u00fa, Estados Unidos, Ecuador, que vino de Brasil\u201d, agreg\u00f3 F\u00e9lix M\u00e1rquez, productor del FIDM.&nbsp;<\/p>\n\n\n\n<p>Las actividades concluyeron, pero las exposiciones \u201cDi\u00e1logos con las plantas\u201d de Florence Goupil continuar\u00e1 en el z\u00f3calo de Veracruz.&nbsp;<\/p>\n\n\n\n<p>\u201cEl camino de las ancestras de Comaya\u201d, Flor del Tiempo de&nbsp; Yael Mart\u00ednez, Medio Ambiente: El entorno es nuestro espejo e Identidad, seguir\u00e1n en la macroplaza del Malec\u00f3n.&nbsp;<\/p>\n\n\n\n<p>En las vallas del Museo Naval se exhibe \u201cWalter=Life\u201d, mientras que el Museo de la Ciudad,&nbsp; estar\u00e1n expuestas&nbsp; \u201cEl mar y sus tormentas\u201d de&nbsp; Mariceu Erthal,&nbsp; \u201cA trav\u00e9s del Objetivo: narrativas fotoperiodisticas\u201d y \u201cResiliencia: historias de mujeres que inspiran el cambio\u201d, presentada por World Press Photo.<\/p>\n","protected":false},"excerpt":{"rendered":"<p>Alejandro \u00c1vila Veracruz, Ver.- Durante cuatro d\u00edas la ciudad de Veracruz fue sede del Festival Internacional de Fotograf\u00eda Period\u00edstica y Documental \u201cMirar Distinto\u201d, asistentes de diferentes pa\u00edses como Brasil, Colombia, Ecuador, Per\u00fa y de todo el pa\u00eds, participaron en m\u00e1s de 25 actividades y 10 exposiciones.&nbsp; Exponentes de la fotograf\u00eda, editores, curadores, productores visuales y [&hellip;]<\/p>\n","protected":false},"author":2476,"featured_media":43792,"comment_status":"open","ping_status":"open","sticky":false,"template":"","format":"standard","meta":{"_jetpack_memberships_contains_paid_content":false,"footnotes":""},"categories":[2],"tags":[],"class_list":["post-43791","post","type-post","status-publish","format-standard","has-post-thumbnail","hentry","category-estado"],"jetpack_featured_media_url":"https:\/\/encuentroinformativo.com.mx\/wp-content\/uploads\/2023\/08\/IMG-20230814-WA0032.jpg","jetpack_sharing_enabled":true,"jetpack_likes_enabled":true,"amp_enabled":true,"_links":{"self":[{"href":"https:\/\/encuentroinformativo.com.mx\/index.php?rest_route=\/wp\/v2\/posts\/43791","targetHints":{"allow":["GET"]}}],"collection":[{"href":"https:\/\/encuentroinformativo.com.mx\/index.php?rest_route=\/wp\/v2\/posts"}],"about":[{"href":"https:\/\/encuentroinformativo.com.mx\/index.php?rest_route=\/wp\/v2\/types\/post"}],"author":[{"embeddable":true,"href":"https:\/\/encuentroinformativo.com.mx\/index.php?rest_route=\/wp\/v2\/users\/2476"}],"replies":[{"embeddable":true,"href":"https:\/\/encuentroinformativo.com.mx\/index.php?rest_route=%2Fwp%2Fv2%2Fcomments&post=43791"}],"version-history":[{"count":1,"href":"https:\/\/encuentroinformativo.com.mx\/index.php?rest_route=\/wp\/v2\/posts\/43791\/revisions"}],"predecessor-version":[{"id":43793,"href":"https:\/\/encuentroinformativo.com.mx\/index.php?rest_route=\/wp\/v2\/posts\/43791\/revisions\/43793"}],"wp:featuredmedia":[{"embeddable":true,"href":"https:\/\/encuentroinformativo.com.mx\/index.php?rest_route=\/wp\/v2\/media\/43792"}],"wp:attachment":[{"href":"https:\/\/encuentroinformativo.com.mx\/index.php?rest_route=%2Fwp%2Fv2%2Fmedia&parent=43791"}],"wp:term":[{"taxonomy":"category","embeddable":true,"href":"https:\/\/encuentroinformativo.com.mx\/index.php?rest_route=%2Fwp%2Fv2%2Fcategories&post=43791"},{"taxonomy":"post_tag","embeddable":true,"href":"https:\/\/encuentroinformativo.com.mx\/index.php?rest_route=%2Fwp%2Fv2%2Ftags&post=43791"}],"curies":[{"name":"wp","href":"https:\/\/api.w.org\/{rel}","templated":true}]}}