{"id":43801,"date":"2023-08-14T13:31:35","date_gmt":"2023-08-14T19:31:35","guid":{"rendered":"https:\/\/encuentroinformativo.com.mx\/?p=43801"},"modified":"2023-08-14T13:31:39","modified_gmt":"2023-08-14T19:31:39","slug":"boca-del-rio-tendra-fashion-show-internacional","status":"publish","type":"post","link":"https:\/\/encuentroinformativo.com.mx\/?p=43801","title":{"rendered":"Boca del R\u00edo tendr\u00e1 \u201cFashion Show Internacional&#8221;"},"content":{"rendered":"\n<p><strong>Alejandro \u00c1vila<\/strong><\/p>\n\n\n\n<p>Veracruz, Ver.- Por quinta ocasi\u00f3n se llevar\u00e1 a cabo la gala Boca Fashion Show 2023 con la participaci\u00f3n de seis dise\u00f1adores consagrados de proyecci\u00f3n internacional, as\u00ed lo confirmaron en conferencia los integrantes del Comit\u00e9 Organizador, los dise\u00f1adores Ariadna Perdomo y Carlos Ulibarri, adem\u00e1s de Laura Blass.<\/p>\n\n\n\n<p>Ariadna Perdomo, directora del Boca Fashion Show confirm\u00f3 la realizaci\u00f3n de esta quinta gala de moda para el viernes 25 de agosto a partir de las 18:00 horas en el sal\u00f3n Arameni, de Playa de Vacas.<\/p>\n\n\n\n<p>\u201cEs un evento que se hace cada a\u00f1o impulsando a los dise\u00f1adores veracruzanos y con el que buscamos apoyar y reactivar la econom\u00eda de este sector de la moda apoyados por empresas veracruzanas que generan empleos y fomenta la cultura del sector textil\u201d, afirma la dise\u00f1adora Ariadna Perdomo.&nbsp;<\/p>\n\n\n\n<p>En este evento un equipo de dise\u00f1adores, maquillistas, mercad\u00f3logos, modelos, son los que forman parte de la organizaci\u00f3n de esta gala de moda que se ha posicionado en la zona conurbada Veracruz &#8211; Boca del R\u00edo como el escaparate m\u00e1s importante para el gremio de la moda.<\/p>\n\n\n\n<p>En esta quinta edici\u00f3n del Boca Fashion Show se podr\u00e1n apreciar las nuevas colecciones de los dise\u00f1adores Carlos Ulibarri, Ana Delia Pensado, Ariadna Perdomo, una dise\u00f1adora invitada de Guadalajara y la sorpresa de la noche es la colecci\u00f3n Drag Queen del dise\u00f1ador C\u00e9sar Albiter, adem\u00e1s de la presentaci\u00f3n del dise\u00f1ador emergente, Pablo Virgen.&nbsp;<\/p>\n\n\n\n<p>Como show se presentar\u00e1n cuadros de Carnaval con las Bastoneras de Susy, Academia de Liliana Mota y la comparsa \u201cNuevas Estrellas\u201d bajo la direcci\u00f3n de Jonathan Castro Pacheco. La conducci\u00f3n estar\u00e1 a cargo de July Alfaro, Se\u00f1ora Belleza Latina M\u00e9xico.<\/p>\n","protected":false},"excerpt":{"rendered":"<p>Alejandro \u00c1vila Veracruz, Ver.- Por quinta ocasi\u00f3n se llevar\u00e1 a cabo la gala Boca Fashion Show 2023 con la participaci\u00f3n de seis dise\u00f1adores consagrados de proyecci\u00f3n internacional, as\u00ed lo confirmaron en conferencia los integrantes del Comit\u00e9 Organizador, los dise\u00f1adores Ariadna Perdomo y Carlos Ulibarri, adem\u00e1s de Laura Blass. Ariadna Perdomo, directora del Boca Fashion Show [&hellip;]<\/p>\n","protected":false},"author":2476,"featured_media":43802,"comment_status":"open","ping_status":"open","sticky":false,"template":"","format":"standard","meta":{"_jetpack_memberships_contains_paid_content":false,"footnotes":""},"categories":[2],"tags":[],"class_list":["post-43801","post","type-post","status-publish","format-standard","has-post-thumbnail","hentry","category-estado"],"jetpack_featured_media_url":"https:\/\/encuentroinformativo.com.mx\/wp-content\/uploads\/2023\/08\/IMG-20230814-WA00672.jpg","jetpack_sharing_enabled":true,"jetpack_likes_enabled":true,"amp_enabled":true,"_links":{"self":[{"href":"https:\/\/encuentroinformativo.com.mx\/index.php?rest_route=\/wp\/v2\/posts\/43801","targetHints":{"allow":["GET"]}}],"collection":[{"href":"https:\/\/encuentroinformativo.com.mx\/index.php?rest_route=\/wp\/v2\/posts"}],"about":[{"href":"https:\/\/encuentroinformativo.com.mx\/index.php?rest_route=\/wp\/v2\/types\/post"}],"author":[{"embeddable":true,"href":"https:\/\/encuentroinformativo.com.mx\/index.php?rest_route=\/wp\/v2\/users\/2476"}],"replies":[{"embeddable":true,"href":"https:\/\/encuentroinformativo.com.mx\/index.php?rest_route=%2Fwp%2Fv2%2Fcomments&post=43801"}],"version-history":[{"count":1,"href":"https:\/\/encuentroinformativo.com.mx\/index.php?rest_route=\/wp\/v2\/posts\/43801\/revisions"}],"predecessor-version":[{"id":43803,"href":"https:\/\/encuentroinformativo.com.mx\/index.php?rest_route=\/wp\/v2\/posts\/43801\/revisions\/43803"}],"wp:featuredmedia":[{"embeddable":true,"href":"https:\/\/encuentroinformativo.com.mx\/index.php?rest_route=\/wp\/v2\/media\/43802"}],"wp:attachment":[{"href":"https:\/\/encuentroinformativo.com.mx\/index.php?rest_route=%2Fwp%2Fv2%2Fmedia&parent=43801"}],"wp:term":[{"taxonomy":"category","embeddable":true,"href":"https:\/\/encuentroinformativo.com.mx\/index.php?rest_route=%2Fwp%2Fv2%2Fcategories&post=43801"},{"taxonomy":"post_tag","embeddable":true,"href":"https:\/\/encuentroinformativo.com.mx\/index.php?rest_route=%2Fwp%2Fv2%2Ftags&post=43801"}],"curies":[{"name":"wp","href":"https:\/\/api.w.org\/{rel}","templated":true}]}}