{"id":43804,"date":"2023-08-14T13:36:19","date_gmt":"2023-08-14T19:36:19","guid":{"rendered":"https:\/\/encuentroinformativo.com.mx\/?p=43804"},"modified":"2023-08-14T13:36:22","modified_gmt":"2023-08-14T19:36:22","slug":"integrantes-de-movimiento-chucho-el-roto-confian-en-reclasificacion-de-tarifas","status":"publish","type":"post","link":"https:\/\/encuentroinformativo.com.mx\/?p=43804","title":{"rendered":"Integrantes de movimiento &#8220;Chucho el roto&#8221; conf\u00edan en reclasificaci\u00f3n de tarifas"},"content":{"rendered":"\n<p><strong>Juan Arcos <\/strong><\/p>\n\n\n\n<p>Xalapa, Ver.- El vocero del Movimiento de Resistencia Civil de la \u201cLeyenda de Chucho el Roto\u201d, Jorge Morales Barradas, consider\u00f3 que en esta ocasi\u00f3n podr\u00eda ser una realidad la reclasificaci\u00f3n de tarifas en el estado de Veracruz.<\/p>\n\n\n\n<p>Enfatiz\u00f3 que ser\u00eda menor el costo de las tarifas para el consumidor final, pues ya el presidente de la Rep\u00fablica Mexicana, Andr\u00e9s Manuel L\u00f3pez Obrador dijo que se analizar\u00e1 el tema con la Comisi\u00f3n Federal de Electricidad (CFE).<\/p>\n\n\n\n<p>Record\u00f3 que el pasado mi\u00e9rcoles 9 de agosto el tema fue abordado en la conferencia \u201cma\u00f1anera\u201d desde el Palacio Nacional, situaci\u00f3n que es de gran relevancia para el movimiento de resistencia que encabeza.<\/p>\n\n\n\n<p>Se le cuestion\u00f3 al Presidente sobre la reducci\u00f3n de las tarifas para P\u00e1nuco, ubicado en la zona norte de Veracruz, donde los usuarios piden homologar las tarifas con los municipios del estado colindante que es Tamaulipas.<\/p>\n\n\n\n<p>\u201cHemos sostenido este tema por m\u00e1s de 15 a\u00f1os y no estamos solicitando para un solo municipio para nuestro estado de Veracruz, nosotros lo solicitamos para los 212 municipios de la entidad veracruzana y nos da la certeza que debemos seguir insistiendo en el tema, que tenemos la raz\u00f3n\u201d.<\/p>\n\n\n\n<p>Morales Barradas indic\u00f3 que se seguir\u00e1 en la lucha pues consideran que las condiciones climatol\u00f3gicas del territorio estatal, sobre todo las altas temperaturas permiten que haya condiciones para que se reduzcan los precios de la energ\u00eda el\u00e9ctrica.<\/p>\n\n\n\n<p>Jorge Morales opin\u00f3 que la tarifa 1 F es la que CFE debe otorgar a las zonas que tengan la temperatura de 33 grados cent\u00edgrados.<\/p>\n\n\n\n<p>\u201cEstamos conscientes y seguros que en Veracruz necesitamos la reclasificaci\u00f3n de las tarifas y que si se reclasifica a como nosotros lo estamos proponiendo y pidiendo vamos a tener un beneficio en nuestras familias de arriba del 30 por ciento de ahorro en el consumo\u201d.<\/p>\n\n\n\n<p>Reiter\u00f3 que el Movimiento de Resistencia Civil de \u201cLa Leyenda de Chucho el Roto\u201d, comprende los municipios que integran el Plan de Emergencia Radiol\u00f3gico Externo (PERE) en un per\u00edmetro de 60 kil\u00f3metros a la redonda de la Central Nuclear de Laguna Verde (CNLV), ubicada en Palma Sola, municipio de Alto Lucero, en la zona costera central del estado de Veracruz.<\/p>\n","protected":false},"excerpt":{"rendered":"<p>Juan Arcos Xalapa, Ver.- El vocero del Movimiento de Resistencia Civil de la \u201cLeyenda de Chucho el Roto\u201d, Jorge Morales Barradas, consider\u00f3 que en esta ocasi\u00f3n podr\u00eda ser una realidad la reclasificaci\u00f3n de tarifas en el estado de Veracruz. Enfatiz\u00f3 que ser\u00eda menor el costo de las tarifas para el consumidor final, pues ya el [&hellip;]<\/p>\n","protected":false},"author":2476,"featured_media":43805,"comment_status":"open","ping_status":"open","sticky":false,"template":"","format":"standard","meta":{"_jetpack_memberships_contains_paid_content":false,"footnotes":""},"categories":[8],"tags":[],"class_list":["post-43804","post","type-post","status-publish","format-standard","has-post-thumbnail","hentry","category-region"],"jetpack_featured_media_url":"https:\/\/encuentroinformativo.com.mx\/wp-content\/uploads\/2023\/08\/d4ca5340-26be-4eff-b3a7-140699aee94f.jpg","jetpack_sharing_enabled":true,"jetpack_likes_enabled":true,"amp_enabled":true,"_links":{"self":[{"href":"https:\/\/encuentroinformativo.com.mx\/index.php?rest_route=\/wp\/v2\/posts\/43804","targetHints":{"allow":["GET"]}}],"collection":[{"href":"https:\/\/encuentroinformativo.com.mx\/index.php?rest_route=\/wp\/v2\/posts"}],"about":[{"href":"https:\/\/encuentroinformativo.com.mx\/index.php?rest_route=\/wp\/v2\/types\/post"}],"author":[{"embeddable":true,"href":"https:\/\/encuentroinformativo.com.mx\/index.php?rest_route=\/wp\/v2\/users\/2476"}],"replies":[{"embeddable":true,"href":"https:\/\/encuentroinformativo.com.mx\/index.php?rest_route=%2Fwp%2Fv2%2Fcomments&post=43804"}],"version-history":[{"count":1,"href":"https:\/\/encuentroinformativo.com.mx\/index.php?rest_route=\/wp\/v2\/posts\/43804\/revisions"}],"predecessor-version":[{"id":43806,"href":"https:\/\/encuentroinformativo.com.mx\/index.php?rest_route=\/wp\/v2\/posts\/43804\/revisions\/43806"}],"wp:featuredmedia":[{"embeddable":true,"href":"https:\/\/encuentroinformativo.com.mx\/index.php?rest_route=\/wp\/v2\/media\/43805"}],"wp:attachment":[{"href":"https:\/\/encuentroinformativo.com.mx\/index.php?rest_route=%2Fwp%2Fv2%2Fmedia&parent=43804"}],"wp:term":[{"taxonomy":"category","embeddable":true,"href":"https:\/\/encuentroinformativo.com.mx\/index.php?rest_route=%2Fwp%2Fv2%2Fcategories&post=43804"},{"taxonomy":"post_tag","embeddable":true,"href":"https:\/\/encuentroinformativo.com.mx\/index.php?rest_route=%2Fwp%2Fv2%2Ftags&post=43804"}],"curies":[{"name":"wp","href":"https:\/\/api.w.org\/{rel}","templated":true}]}}