{"id":43816,"date":"2023-08-14T16:34:42","date_gmt":"2023-08-14T22:34:42","guid":{"rendered":"https:\/\/encuentroinformativo.com.mx\/?p=43816"},"modified":"2023-08-14T16:34:46","modified_gmt":"2023-08-14T22:34:46","slug":"disputa-de-plaza-en-poza-rica-deriva-del-combate-frontal-a-la-delincuencia-gobernador","status":"publish","type":"post","link":"https:\/\/encuentroinformativo.com.mx\/?p=43816","title":{"rendered":"Disputa de plaza en Poza Rica deriva del combate frontal a la delincuencia: Gobernador"},"content":{"rendered":"\n<p><strong>*<em>La semana pasada fueron detenidos dos cabecillas, alias \u201cEl Hans\u201d y \u201cEl Shrek\u201d<br>En breve ser\u00e1 reforzado el operativo de seguridad en la regi\u00f3n<\/em>.<\/strong><\/p>\n\n\n\n<p>Xalapa, Ver.- El gobernador Cuitl\u00e1huac Garc\u00eda Jim\u00e9nez expuso que la l\u00ednea principal en el hallazgo de al menos 13 cuerpos en Poza Rica es el ajuste de cuentas entre dos bandas delictivas, a partir de la aprehensi\u00f3n de sus jefes de plaza; no obstante, afirm\u00f3 que est\u00e1n identificadas las nuevas cabecillas.<\/p>\n\n\n\n<p>En conferencia de prensa, destac\u00f3 la labor inmediata de la Fiscal\u00eda General del Estado para detener a seis personas sospechosas, lo cual refrenda el mensaje de no impunidad y que la justicia act\u00faa de forma imparcial contra todos los generadores de violencia.<\/p>\n\n\n\n<p>Dio a conocer que ha sido identificada una c\u00e9lula denominada Los Tercios, mientras que la semana pasada fueron capturados dos mandos, alias \u201cEl Hans\u201d y \u201cEl Shrek\u201d, quienes ya enfrentan proceso judicial, y se indaga si esto tiene relaci\u00f3n con las casas de seguridad.<\/p>\n\n\n\n<p>El mandatario conden\u00f3 que estos grupos cobren la vida de personas inocentes y consider\u00f3 que \u201cvan m\u00e1s all\u00e1 de lo que se puede nombrar\u201d, de ah\u00ed que el sentido de la ley debe aplicarse sin caer en lo medi\u00e1tico.<\/p>\n\n\n\n<p>A la poblaci\u00f3n de la ciudad petrolera el Gobernador garantiz\u00f3 la tranquilidad que merece, por ello este lunes analizar\u00e1 el operativo en la regi\u00f3n que abarca Poza Rica, Tihuatl\u00e1n, Coatzintla, Cazones, \u00c1lamo y la sierra del Totonacapan.<\/p>\n\n\n\n<p>\u201cEl d\u00eda de hoy sumaremos refuerzos y agradezco el apoyo de la Guardia Nacional, la Marina y el Ej\u00e9rcito, siempre comprometidos y con mucha coordinaci\u00f3n\u201d, enfatiz\u00f3.<\/p>\n","protected":false},"excerpt":{"rendered":"<p>*La semana pasada fueron detenidos dos cabecillas, alias \u201cEl Hans\u201d y \u201cEl Shrek\u201dEn breve ser\u00e1 reforzado el operativo de seguridad en la regi\u00f3n. Xalapa, Ver.- El gobernador Cuitl\u00e1huac Garc\u00eda Jim\u00e9nez expuso que la l\u00ednea principal en el hallazgo de al menos 13 cuerpos en Poza Rica es el ajuste de cuentas entre dos bandas delictivas, [&hellip;]<\/p>\n","protected":false},"author":2476,"featured_media":43817,"comment_status":"open","ping_status":"open","sticky":false,"template":"","format":"standard","meta":{"_jetpack_memberships_contains_paid_content":false,"footnotes":""},"categories":[2],"tags":[],"class_list":["post-43816","post","type-post","status-publish","format-standard","has-post-thumbnail","hentry","category-estado"],"jetpack_featured_media_url":"https:\/\/encuentroinformativo.com.mx\/wp-content\/uploads\/2023\/08\/IMG-20230814-WA01092.jpg","jetpack_sharing_enabled":true,"jetpack_likes_enabled":true,"amp_enabled":true,"_links":{"self":[{"href":"https:\/\/encuentroinformativo.com.mx\/index.php?rest_route=\/wp\/v2\/posts\/43816","targetHints":{"allow":["GET"]}}],"collection":[{"href":"https:\/\/encuentroinformativo.com.mx\/index.php?rest_route=\/wp\/v2\/posts"}],"about":[{"href":"https:\/\/encuentroinformativo.com.mx\/index.php?rest_route=\/wp\/v2\/types\/post"}],"author":[{"embeddable":true,"href":"https:\/\/encuentroinformativo.com.mx\/index.php?rest_route=\/wp\/v2\/users\/2476"}],"replies":[{"embeddable":true,"href":"https:\/\/encuentroinformativo.com.mx\/index.php?rest_route=%2Fwp%2Fv2%2Fcomments&post=43816"}],"version-history":[{"count":1,"href":"https:\/\/encuentroinformativo.com.mx\/index.php?rest_route=\/wp\/v2\/posts\/43816\/revisions"}],"predecessor-version":[{"id":43818,"href":"https:\/\/encuentroinformativo.com.mx\/index.php?rest_route=\/wp\/v2\/posts\/43816\/revisions\/43818"}],"wp:featuredmedia":[{"embeddable":true,"href":"https:\/\/encuentroinformativo.com.mx\/index.php?rest_route=\/wp\/v2\/media\/43817"}],"wp:attachment":[{"href":"https:\/\/encuentroinformativo.com.mx\/index.php?rest_route=%2Fwp%2Fv2%2Fmedia&parent=43816"}],"wp:term":[{"taxonomy":"category","embeddable":true,"href":"https:\/\/encuentroinformativo.com.mx\/index.php?rest_route=%2Fwp%2Fv2%2Fcategories&post=43816"},{"taxonomy":"post_tag","embeddable":true,"href":"https:\/\/encuentroinformativo.com.mx\/index.php?rest_route=%2Fwp%2Fv2%2Ftags&post=43816"}],"curies":[{"name":"wp","href":"https:\/\/api.w.org\/{rel}","templated":true}]}}