{"id":43825,"date":"2023-08-14T19:12:00","date_gmt":"2023-08-15T01:12:00","guid":{"rendered":"https:\/\/encuentroinformativo.com.mx\/?p=43825"},"modified":"2023-08-14T19:12:05","modified_gmt":"2023-08-15T01:12:05","slug":"ayuntamiento-de-boca-del-rio-y-la-uvm-firman-convenio-academico-asistencial","status":"publish","type":"post","link":"https:\/\/encuentroinformativo.com.mx\/?p=43825","title":{"rendered":"Ayuntamiento de Boca del R\u00edo y la UVM firman convenio acad\u00e9mico-asistencial"},"content":{"rendered":"\n<p>Boca del R\u00edo, Ver.- El Ayuntamiento de Boca del R\u00edo y la Universidad del Valle de M\u00e9xico (UVM), firmaron un convenio de colaboraci\u00f3n para que sus estudiantes puedan participar con actividades acad\u00e9mico-asistenciales a trav\u00e9s de los programas municipales, as\u00ed lo dio a conocer el Alcalde Juan Manuel Un\u00e1nue Abascal.<\/p>\n\n\n\n<p>Asimismo, coment\u00f3 que la vinculaci\u00f3n con las instituciones educativas permite generar beneficios para la comunidad, por lo que a trav\u00e9s de acciones de bienestar social, el DIF de Boca del R\u00edo realiza jornadas y ferias de salud, beneficiando directamente a la poblaci\u00f3n que m\u00e1s lo necesita.<\/p>\n\n\n\n<p>\u201cLos estudiantes de las diferentes especialidades nos apoyar\u00e1n mucho en todas las actividades que lleva el DIF municipal, este convenio permitir\u00e1 que estas brigadas se lleven a cabo con mayor capacidad para atender a m\u00e1s ciudadanos\u201d, inform\u00f3 el Presidente Municipal.<\/p>\n\n\n\n<p>Para atestiguar la firma del convenio interinstitucional, estuvo presente la Presidenta del DIF Municipal, Melina Rivera de Un\u00e1nue.<\/p>\n\n\n\n<p>En tanto, Carlos Javier Vizca\u00edno Arredondo, Rector de la UVM Campus Veracruz, agradeci\u00f3 la ventana de oportunidad que brinda la administraci\u00f3n municipal boque\u00f1a a 2 mil 100 estudiantes del \u00e1rea de salud integradas por odontolog\u00eda, fisioterapia, nutrici\u00f3n, enfermer\u00eda, psicolog\u00eda y medicina.<\/p>\n\n\n\n<p>\u201cComo universidad siempre hemos sostenido que los convenios y la vinculaci\u00f3n garantiza no solo la estabilidad de un centro educativo, sino tambi\u00e9n la consecuci\u00f3n de un bien com\u00fan e impactar positivamente en la sociedad (\u2026) Nuestro agradecimiento profundo se\u00f1or Alcalde por la oportunidad que nos dan de poder hacer el bien com\u00fan\u201d, destac\u00f3 el Rector.<\/p>\n\n\n\n<p>En el acto protocolario se cont\u00f3 con la presencia de la Sindica \u00danica, Susana Tiburcio Galicia; la Directora del DIF de Boca del R\u00edo, Yamileth Herrera D\u00edaz, as\u00ed como de Mar\u00eda Jos\u00e9 Nogueda Orozco, Directora de la Escuela de Ciencias de la Salud UVM Campus Veracruz.<\/p>\n","protected":false},"excerpt":{"rendered":"<p>Boca del R\u00edo, Ver.- El Ayuntamiento de Boca del R\u00edo y la Universidad del Valle de M\u00e9xico (UVM), firmaron un convenio de colaboraci\u00f3n para que sus estudiantes puedan participar con actividades acad\u00e9mico-asistenciales a trav\u00e9s de los programas municipales, as\u00ed lo dio a conocer el Alcalde Juan Manuel Un\u00e1nue Abascal. Asimismo, coment\u00f3 que la vinculaci\u00f3n con [&hellip;]<\/p>\n","protected":false},"author":2476,"featured_media":43826,"comment_status":"open","ping_status":"open","sticky":false,"template":"","format":"standard","meta":{"_jetpack_memberships_contains_paid_content":false,"footnotes":""},"categories":[2],"tags":[],"class_list":["post-43825","post","type-post","status-publish","format-standard","has-post-thumbnail","hentry","category-estado"],"jetpack_featured_media_url":"https:\/\/encuentroinformativo.com.mx\/wp-content\/uploads\/2023\/08\/IMG-20230814-WA01182.jpg","jetpack_sharing_enabled":true,"jetpack_likes_enabled":true,"amp_enabled":true,"_links":{"self":[{"href":"https:\/\/encuentroinformativo.com.mx\/index.php?rest_route=\/wp\/v2\/posts\/43825","targetHints":{"allow":["GET"]}}],"collection":[{"href":"https:\/\/encuentroinformativo.com.mx\/index.php?rest_route=\/wp\/v2\/posts"}],"about":[{"href":"https:\/\/encuentroinformativo.com.mx\/index.php?rest_route=\/wp\/v2\/types\/post"}],"author":[{"embeddable":true,"href":"https:\/\/encuentroinformativo.com.mx\/index.php?rest_route=\/wp\/v2\/users\/2476"}],"replies":[{"embeddable":true,"href":"https:\/\/encuentroinformativo.com.mx\/index.php?rest_route=%2Fwp%2Fv2%2Fcomments&post=43825"}],"version-history":[{"count":1,"href":"https:\/\/encuentroinformativo.com.mx\/index.php?rest_route=\/wp\/v2\/posts\/43825\/revisions"}],"predecessor-version":[{"id":43827,"href":"https:\/\/encuentroinformativo.com.mx\/index.php?rest_route=\/wp\/v2\/posts\/43825\/revisions\/43827"}],"wp:featuredmedia":[{"embeddable":true,"href":"https:\/\/encuentroinformativo.com.mx\/index.php?rest_route=\/wp\/v2\/media\/43826"}],"wp:attachment":[{"href":"https:\/\/encuentroinformativo.com.mx\/index.php?rest_route=%2Fwp%2Fv2%2Fmedia&parent=43825"}],"wp:term":[{"taxonomy":"category","embeddable":true,"href":"https:\/\/encuentroinformativo.com.mx\/index.php?rest_route=%2Fwp%2Fv2%2Fcategories&post=43825"},{"taxonomy":"post_tag","embeddable":true,"href":"https:\/\/encuentroinformativo.com.mx\/index.php?rest_route=%2Fwp%2Fv2%2Ftags&post=43825"}],"curies":[{"name":"wp","href":"https:\/\/api.w.org\/{rel}","templated":true}]}}