{"id":43843,"date":"2023-08-15T12:18:46","date_gmt":"2023-08-15T18:18:46","guid":{"rendered":"https:\/\/encuentroinformativo.com.mx\/?p=43843"},"modified":"2023-08-15T12:18:50","modified_gmt":"2023-08-15T18:18:50","slug":"poza-rica-es-una-zona-dificil-diputada","status":"publish","type":"post","link":"https:\/\/encuentroinformativo.com.mx\/?p=43843","title":{"rendered":"Poza Rica es una zona dif\u00edcil: Diputada"},"content":{"rendered":"\n<p><strong>Alejandro \u00c1vila<\/strong><\/p>\n\n\n\n<p>Veracruz, Ver.- La diputada federal de Morena, Claudia Tello Espinosa, reconoci\u00f3 que es imposible eliminar a la delincuencia organizada de un d\u00eda para otro por lo que pidi\u00f3 a los ciudadanos ser \u00e9ticos y morales ante la inseguridad que se vive en Veracruz.<\/p>\n\n\n\n<p>&#8220;Yo lo que entiendo es que, toda la poblaci\u00f3n debemos estar pendientes a que los hijos, a que los familiares, a que todos actuemos de manera \u00e9tica, moral, porque la delincuencia sigue en el estado, en el pa\u00eds. Es decir, quitarlos de un momento a otro no es posible, tenemos que ir avanzando en el tema de la seguridad de todos, y dejar que las autoridades vayan haciendo sus tareas. Entonces, yo conf\u00edo en la Fiscal que est\u00e1 haciendo un muy buen trabajo, y nuestro gobernador tambi\u00e9n est\u00e1 poniendo mucha atenci\u00f3n en este tema&#8221;, subray\u00f3.<\/p>\n\n\n\n<p>Tras los hechos ocurridos en Poza Rica donde se encontraron 15 cuerpos embolsados en dos casas de seguridad, y donde la misma Fiscal\u00eda de Veracruz reconoci\u00f3 podr\u00eda haber m\u00e1s v\u00edctimas; la legisladora veracruzana mencion\u00f3 que, a pesar de ello, en la entidad se ha avanzado bastante en la seguridad.<\/p>\n\n\n\n<p>&#8220;Ustedes saben que Poza Rica se ha caracterizado por ser una zona un poco dif\u00edcil, pero en general en el estado de Veracruz hemos avanzado bastante en el tema de seguridad, recordar\u00e1n ustedes que est\u00e1bamos como Estado entre los m\u00e1s dif\u00edciles, con mayores problemas de delincuencia y hoy, gracias al trabajo del gobernador, del ingeniero, Cuitl\u00e1huac Garc\u00eda Jim\u00e9nez, estamos entre los 10 m\u00e1s seguros, entonces, pues ah\u00ed todav\u00eda mucho por hacer, me queda totalmente claro, pero estamos avanzando, recuerden, el trabajo es de todos, toda la poblaci\u00f3n, todos debemos estar incluidos&#8221;, enfatiz\u00f3.<\/p>\n\n\n\n<p>Es de mencionar que, por este hallazgo, el Comandante de la Polic\u00eda Municipal de Poza Rica renunci\u00f3 al cargo la tarde de este lunes; y la ma\u00f1ana de este martes se suscit\u00f3 otro hecho violento en la colonia Floresta del municipio de Poza Rica, donde se reportaron detonaciones de arma de fuego.<\/p>\n","protected":false},"excerpt":{"rendered":"<p>Alejandro \u00c1vila Veracruz, Ver.- La diputada federal de Morena, Claudia Tello Espinosa, reconoci\u00f3 que es imposible eliminar a la delincuencia organizada de un d\u00eda para otro por lo que pidi\u00f3 a los ciudadanos ser \u00e9ticos y morales ante la inseguridad que se vive en Veracruz. &#8220;Yo lo que entiendo es que, toda la poblaci\u00f3n debemos [&hellip;]<\/p>\n","protected":false},"author":2476,"featured_media":43844,"comment_status":"open","ping_status":"open","sticky":false,"template":"","format":"standard","meta":{"_jetpack_memberships_contains_paid_content":false,"footnotes":""},"categories":[2],"tags":[],"class_list":["post-43843","post","type-post","status-publish","format-standard","has-post-thumbnail","hentry","category-estado"],"jetpack_featured_media_url":"https:\/\/encuentroinformativo.com.mx\/wp-content\/uploads\/2023\/08\/IMG-20230815-WA00152.jpg","jetpack_sharing_enabled":true,"jetpack_likes_enabled":true,"amp_enabled":true,"_links":{"self":[{"href":"https:\/\/encuentroinformativo.com.mx\/index.php?rest_route=\/wp\/v2\/posts\/43843","targetHints":{"allow":["GET"]}}],"collection":[{"href":"https:\/\/encuentroinformativo.com.mx\/index.php?rest_route=\/wp\/v2\/posts"}],"about":[{"href":"https:\/\/encuentroinformativo.com.mx\/index.php?rest_route=\/wp\/v2\/types\/post"}],"author":[{"embeddable":true,"href":"https:\/\/encuentroinformativo.com.mx\/index.php?rest_route=\/wp\/v2\/users\/2476"}],"replies":[{"embeddable":true,"href":"https:\/\/encuentroinformativo.com.mx\/index.php?rest_route=%2Fwp%2Fv2%2Fcomments&post=43843"}],"version-history":[{"count":1,"href":"https:\/\/encuentroinformativo.com.mx\/index.php?rest_route=\/wp\/v2\/posts\/43843\/revisions"}],"predecessor-version":[{"id":43845,"href":"https:\/\/encuentroinformativo.com.mx\/index.php?rest_route=\/wp\/v2\/posts\/43843\/revisions\/43845"}],"wp:featuredmedia":[{"embeddable":true,"href":"https:\/\/encuentroinformativo.com.mx\/index.php?rest_route=\/wp\/v2\/media\/43844"}],"wp:attachment":[{"href":"https:\/\/encuentroinformativo.com.mx\/index.php?rest_route=%2Fwp%2Fv2%2Fmedia&parent=43843"}],"wp:term":[{"taxonomy":"category","embeddable":true,"href":"https:\/\/encuentroinformativo.com.mx\/index.php?rest_route=%2Fwp%2Fv2%2Fcategories&post=43843"},{"taxonomy":"post_tag","embeddable":true,"href":"https:\/\/encuentroinformativo.com.mx\/index.php?rest_route=%2Fwp%2Fv2%2Ftags&post=43843"}],"curies":[{"name":"wp","href":"https:\/\/api.w.org\/{rel}","templated":true}]}}