{"id":43849,"date":"2023-08-15T12:28:05","date_gmt":"2023-08-15T18:28:05","guid":{"rendered":"https:\/\/encuentroinformativo.com.mx\/?p=43849"},"modified":"2023-08-15T12:28:09","modified_gmt":"2023-08-15T18:28:09","slug":"en-poza-rica-reitera-gobernador-garantia-de-seguridad-para-la-zona-norte","status":"publish","type":"post","link":"https:\/\/encuentroinformativo.com.mx\/?p=43849","title":{"rendered":"En Poza Rica, reitera Gobernador garant\u00eda de seguridad para la zona norte"},"content":{"rendered":"\n<p>Xalapa, Ver.- El gobernador Cuitl\u00e1huac Garc\u00eda Jim\u00e9nez encabez\u00f3 los trabajos de la Coordinaci\u00f3n Estatal para la Construcci\u00f3n de la Paz en Poza Rica, donde reiter\u00f3 a los habitantes de esta ciudad y toda la regi\u00f3n Totonaca el compromiso de brindar seguridad a trav\u00e9s de las distintas fuerzas del orden.<\/p>\n\n\n\n<p>\u201cVamos a reforzar los operativos, sabemos que hay una disputa entre grupos delictivos que han querido seguir en la zona; hemos hecho detenciones importantes y hay una reacci\u00f3n obvia de su parte, que queremos no afecte a la sociedad en general\u201d, expres\u00f3 en torno a los hechos recientes en los que fueron hallados restos de 13 cuerpos humanos.<\/p>\n\n\n\n<p>El mandatario destac\u00f3 la presencia de elementos de Guardia Nacional, Marina y Ej\u00e9rcito Mexicano, adem\u00e1s de Polic\u00eda Estatal y Fuerza Civil, en la ciudad petrolera y los municipios Coatzintla, Tihuatl\u00e1n, Cazones y Papantla, entre otros; al tiempo de reconocer la disposici\u00f3n del alcalde pozarricense, Fernando Remes Garza, en las acciones de seguridad.<\/p>\n\n\n\n<p>Dio a conocer que la Fiscal\u00eda General del Estado sigue con las investigaciones, luego de haber detenido a seis personas probablemente ligadas a los homicidios, mientras que la cifra de v\u00edctimas permanece igual, aunque podr\u00eda cambiar tras los estudios de gen\u00e9tica en la Unidad Integral de Servicios M\u00e9dicos Forenses ubicada en Nogales.<\/p>\n","protected":false},"excerpt":{"rendered":"<p>Xalapa, Ver.- El gobernador Cuitl\u00e1huac Garc\u00eda Jim\u00e9nez encabez\u00f3 los trabajos de la Coordinaci\u00f3n Estatal para la Construcci\u00f3n de la Paz en Poza Rica, donde reiter\u00f3 a los habitantes de esta ciudad y toda la regi\u00f3n Totonaca el compromiso de brindar seguridad a trav\u00e9s de las distintas fuerzas del orden. \u201cVamos a reforzar los operativos, sabemos [&hellip;]<\/p>\n","protected":false},"author":2476,"featured_media":43850,"comment_status":"open","ping_status":"open","sticky":false,"template":"","format":"standard","meta":{"_jetpack_memberships_contains_paid_content":false,"footnotes":""},"categories":[2],"tags":[],"class_list":["post-43849","post","type-post","status-publish","format-standard","has-post-thumbnail","hentry","category-estado"],"jetpack_featured_media_url":"https:\/\/encuentroinformativo.com.mx\/wp-content\/uploads\/2023\/08\/IMG-20230815-WA0019.jpg","jetpack_sharing_enabled":true,"jetpack_likes_enabled":true,"amp_enabled":true,"_links":{"self":[{"href":"https:\/\/encuentroinformativo.com.mx\/index.php?rest_route=\/wp\/v2\/posts\/43849","targetHints":{"allow":["GET"]}}],"collection":[{"href":"https:\/\/encuentroinformativo.com.mx\/index.php?rest_route=\/wp\/v2\/posts"}],"about":[{"href":"https:\/\/encuentroinformativo.com.mx\/index.php?rest_route=\/wp\/v2\/types\/post"}],"author":[{"embeddable":true,"href":"https:\/\/encuentroinformativo.com.mx\/index.php?rest_route=\/wp\/v2\/users\/2476"}],"replies":[{"embeddable":true,"href":"https:\/\/encuentroinformativo.com.mx\/index.php?rest_route=%2Fwp%2Fv2%2Fcomments&post=43849"}],"version-history":[{"count":1,"href":"https:\/\/encuentroinformativo.com.mx\/index.php?rest_route=\/wp\/v2\/posts\/43849\/revisions"}],"predecessor-version":[{"id":43851,"href":"https:\/\/encuentroinformativo.com.mx\/index.php?rest_route=\/wp\/v2\/posts\/43849\/revisions\/43851"}],"wp:featuredmedia":[{"embeddable":true,"href":"https:\/\/encuentroinformativo.com.mx\/index.php?rest_route=\/wp\/v2\/media\/43850"}],"wp:attachment":[{"href":"https:\/\/encuentroinformativo.com.mx\/index.php?rest_route=%2Fwp%2Fv2%2Fmedia&parent=43849"}],"wp:term":[{"taxonomy":"category","embeddable":true,"href":"https:\/\/encuentroinformativo.com.mx\/index.php?rest_route=%2Fwp%2Fv2%2Fcategories&post=43849"},{"taxonomy":"post_tag","embeddable":true,"href":"https:\/\/encuentroinformativo.com.mx\/index.php?rest_route=%2Fwp%2Fv2%2Ftags&post=43849"}],"curies":[{"name":"wp","href":"https:\/\/api.w.org\/{rel}","templated":true}]}}