{"id":43857,"date":"2023-08-15T13:48:48","date_gmt":"2023-08-15T19:48:48","guid":{"rendered":"https:\/\/encuentroinformativo.com.mx\/?p=43857"},"modified":"2023-08-15T13:48:51","modified_gmt":"2023-08-15T19:48:51","slug":"se-impulsa-profesionalizacion-del-personal-de-centros-penitenciarios","status":"publish","type":"post","link":"https:\/\/encuentroinformativo.com.mx\/?p=43857","title":{"rendered":"Se impulsa profesionalizaci\u00f3n del personal de Centros Penitenciarios"},"content":{"rendered":"\n<p>Xalapa, Ver.- La profesionalizaci\u00f3n permanente al personal de los centros penitenciarios del Estado de Veracruz, es prioridad del Gobernador Cuitl\u00e1huac Garc\u00eda Jim\u00e9nez por ello, la Secretar\u00eda de Seguridad P\u00fablica (SSP) a trav\u00e9s de la Direcci\u00f3n General de Prevenci\u00f3n y Readaptacion Social (DGPRS) en coordinaci\u00f3n con la Comisi\u00f3n Nacional Contra las Adicciones y la Comisi\u00f3n Nacional de Salud Mental, llevaron a cabo de manera virtual una videoconferencia denominada &#8220;Metanfetaminas\u201d.<\/p>\n\n\n\n<p>La videoconferencia estuvo dirigida al personal t\u00e9cnico del \u00e1rea de Psicolog\u00eda de los Centros Penitenciarios de Cosamaloapan, Coatzacoalcos, Chicontepec, Jalacingo, P\u00e1nuco, Poza Rica y Tuxpan.<\/p>\n\n\n\n<p>Dicha capacitaci\u00f3n fue impartida por el jefe de Servicios de la Comisi\u00f3n Nacional de Salud Mental, Dr. Hugo Gonz\u00e1lez Cant\u00fa, con el objetivo que personal t\u00e9cnico del \u00e1rea de Psicolog\u00eda adquieran las herramientas t\u00e9cnicas necesarias para brindar tratamiento a las personas privadas de la libertad que padecen alg\u00fan trastorno por consumo de sustancias psicoactivas.<\/p>\n\n\n\n<p>Se cont\u00f3 con la participaci\u00f3n de 16 psic\u00f3logos que laboran en los centros de reinserci\u00f3n social del Estado.<\/p>\n\n\n\n<p>Con estas acciones, el Gobierno de la Cuarta Transformaci\u00f3n garantiza la atenci\u00f3n de la salud mental de las personas privadas de la libertad, otorgando a los servidores p\u00fablicos las herramientas necesarias para desempe\u00f1ar de una mejor manera su labor diaria.<\/p>\n\n\n\n<figure class=\"wp-block-image size-large\"><img loading=\"lazy\" decoding=\"async\" width=\"1024\" height=\"693\" src=\"https:\/\/encuentroinformativo.com.mx\/wp-content\/uploads\/2023\/08\/IMG-20230815-WA00232.jpg\" alt=\"\" class=\"wp-image-43859\" srcset=\"https:\/\/encuentroinformativo.com.mx\/wp-content\/uploads\/2023\/08\/IMG-20230815-WA00232.jpg 1024w, https:\/\/encuentroinformativo.com.mx\/wp-content\/uploads\/2023\/08\/IMG-20230815-WA00232-300x203.jpg 300w, https:\/\/encuentroinformativo.com.mx\/wp-content\/uploads\/2023\/08\/IMG-20230815-WA00232-768x520.jpg 768w\" sizes=\"auto, (max-width: 1024px) 100vw, 1024px\" \/><\/figure>\n","protected":false},"excerpt":{"rendered":"<p>Xalapa, Ver.- La profesionalizaci\u00f3n permanente al personal de los centros penitenciarios del Estado de Veracruz, es prioridad del Gobernador Cuitl\u00e1huac Garc\u00eda Jim\u00e9nez por ello, la Secretar\u00eda de Seguridad P\u00fablica (SSP) a trav\u00e9s de la Direcci\u00f3n General de Prevenci\u00f3n y Readaptacion Social (DGPRS) en coordinaci\u00f3n con la Comisi\u00f3n Nacional Contra las Adicciones y la Comisi\u00f3n Nacional [&hellip;]<\/p>\n","protected":false},"author":2476,"featured_media":43858,"comment_status":"open","ping_status":"open","sticky":false,"template":"","format":"standard","meta":{"_jetpack_memberships_contains_paid_content":false,"footnotes":""},"categories":[2],"tags":[],"class_list":["post-43857","post","type-post","status-publish","format-standard","has-post-thumbnail","hentry","category-estado"],"jetpack_featured_media_url":"https:\/\/encuentroinformativo.com.mx\/wp-content\/uploads\/2023\/08\/IMG-20230815-WA00252.jpg","jetpack_sharing_enabled":true,"jetpack_likes_enabled":true,"amp_enabled":true,"_links":{"self":[{"href":"https:\/\/encuentroinformativo.com.mx\/index.php?rest_route=\/wp\/v2\/posts\/43857","targetHints":{"allow":["GET"]}}],"collection":[{"href":"https:\/\/encuentroinformativo.com.mx\/index.php?rest_route=\/wp\/v2\/posts"}],"about":[{"href":"https:\/\/encuentroinformativo.com.mx\/index.php?rest_route=\/wp\/v2\/types\/post"}],"author":[{"embeddable":true,"href":"https:\/\/encuentroinformativo.com.mx\/index.php?rest_route=\/wp\/v2\/users\/2476"}],"replies":[{"embeddable":true,"href":"https:\/\/encuentroinformativo.com.mx\/index.php?rest_route=%2Fwp%2Fv2%2Fcomments&post=43857"}],"version-history":[{"count":1,"href":"https:\/\/encuentroinformativo.com.mx\/index.php?rest_route=\/wp\/v2\/posts\/43857\/revisions"}],"predecessor-version":[{"id":43860,"href":"https:\/\/encuentroinformativo.com.mx\/index.php?rest_route=\/wp\/v2\/posts\/43857\/revisions\/43860"}],"wp:featuredmedia":[{"embeddable":true,"href":"https:\/\/encuentroinformativo.com.mx\/index.php?rest_route=\/wp\/v2\/media\/43858"}],"wp:attachment":[{"href":"https:\/\/encuentroinformativo.com.mx\/index.php?rest_route=%2Fwp%2Fv2%2Fmedia&parent=43857"}],"wp:term":[{"taxonomy":"category","embeddable":true,"href":"https:\/\/encuentroinformativo.com.mx\/index.php?rest_route=%2Fwp%2Fv2%2Fcategories&post=43857"},{"taxonomy":"post_tag","embeddable":true,"href":"https:\/\/encuentroinformativo.com.mx\/index.php?rest_route=%2Fwp%2Fv2%2Ftags&post=43857"}],"curies":[{"name":"wp","href":"https:\/\/api.w.org\/{rel}","templated":true}]}}