{"id":43871,"date":"2023-08-15T21:27:28","date_gmt":"2023-08-16T03:27:28","guid":{"rendered":"https:\/\/encuentroinformativo.com.mx\/?p=43871"},"modified":"2023-08-15T21:27:32","modified_gmt":"2023-08-16T03:27:32","slug":"tras-10-anos-familiares-reclaman-aparicion-de-rafael-espinoza","status":"publish","type":"post","link":"https:\/\/encuentroinformativo.com.mx\/?p=43871","title":{"rendered":"Tras 10 a\u00f1os, familiares reclaman aparici\u00f3n de Rafael Espinoza"},"content":{"rendered":"\n<p><strong>Juan Arcos <\/strong><\/p>\n\n\n\n<p>Xalapa, Ver.- Familiares y amigos de Rafael Espinoza Guti\u00e9rrez protestaron frente a Palacio de Gobierno, en el centro de la ciudad de Xalapa, a diez a\u00f1os de su desaparici\u00f3n.<\/p>\n\n\n\n<p>\u00c9l laboraba como proyectista en el Tribunal Electoral de Veracruz (TEV) y fue privado de su libertad el 15 de agosto de 2013, en la capital de Veracruz.<\/p>\n\n\n\n<p>Claudia Ruiz, esposa de Rafael, exigi\u00f3 a la Fiscal\u00eda General del Estado (FGE) que d\u00e9 a conocer avances en las investigaciones por este caso.<br>Sin embargo, indic\u00f3 que no han sido atendidos por las autoridades estatales para obtener informaci\u00f3n sobre este caso de desaparici\u00f3n. Fotos<\/p>\n\n\n\n<p>\u201cRafael no era ning\u00fan delincuente, ni formaba parte de una organizaci\u00f3n delincuencial, era un trabajador del Tribunal Electoral, no hay motivo para no buscarlo, era un padre de familia\u201d, expres\u00f3.<\/p>\n\n\n\n<p>A su juicio, es necesario que la FGE destine m\u00e1s recursos econ\u00f3micos y humanos para que realmente sean investigados los casos de desaparecidos.<\/p>\n\n\n\n<p>&#8220;Porque no es posible que despu\u00e9s de 10 a\u00f1os no tengan ninguna l\u00ednea de investigaci\u00f3n\u201d, enfatiz\u00f3 la mujer.<\/p>\n\n\n\n<p>En la protesta vespertina de este martes 15 de agosto sobre Plaza Sebasti\u00e1n Lerdo de Tejada participaron integrantes del Colectivo Familiares Enlaces Xalapa.<\/p>\n\n\n\n<p>Los colectivos de b\u00fasqueda han externado que se ha incrementado la cifra de desapariciones en la entidad veracruzana durante los \u00faltimos a\u00f1os.<\/p>\n\n\n\n<p>Cabe recordar que el Registro Nacional de Personas Desaparecidas y no Localizadas contabilizaba 7 mil 500 personas extraviadas en Veracruz hasta el 10 de febrero de 2023.<\/p>\n","protected":false},"excerpt":{"rendered":"<p>Juan Arcos Xalapa, Ver.- Familiares y amigos de Rafael Espinoza Guti\u00e9rrez protestaron frente a Palacio de Gobierno, en el centro de la ciudad de Xalapa, a diez a\u00f1os de su desaparici\u00f3n. \u00c9l laboraba como proyectista en el Tribunal Electoral de Veracruz (TEV) y fue privado de su libertad el 15 de agosto de 2013, en [&hellip;]<\/p>\n","protected":false},"author":2476,"featured_media":43872,"comment_status":"open","ping_status":"open","sticky":false,"template":"","format":"standard","meta":{"_jetpack_memberships_contains_paid_content":false,"footnotes":""},"categories":[3],"tags":[],"class_list":["post-43871","post","type-post","status-publish","format-standard","has-post-thumbnail","hentry","category-xalapa"],"jetpack_featured_media_url":"https:\/\/encuentroinformativo.com.mx\/wp-content\/uploads\/2023\/08\/ffbee608-7057-417f-9a5d-cb532e428961.jpg","jetpack_sharing_enabled":true,"jetpack_likes_enabled":true,"amp_enabled":true,"_links":{"self":[{"href":"https:\/\/encuentroinformativo.com.mx\/index.php?rest_route=\/wp\/v2\/posts\/43871","targetHints":{"allow":["GET"]}}],"collection":[{"href":"https:\/\/encuentroinformativo.com.mx\/index.php?rest_route=\/wp\/v2\/posts"}],"about":[{"href":"https:\/\/encuentroinformativo.com.mx\/index.php?rest_route=\/wp\/v2\/types\/post"}],"author":[{"embeddable":true,"href":"https:\/\/encuentroinformativo.com.mx\/index.php?rest_route=\/wp\/v2\/users\/2476"}],"replies":[{"embeddable":true,"href":"https:\/\/encuentroinformativo.com.mx\/index.php?rest_route=%2Fwp%2Fv2%2Fcomments&post=43871"}],"version-history":[{"count":1,"href":"https:\/\/encuentroinformativo.com.mx\/index.php?rest_route=\/wp\/v2\/posts\/43871\/revisions"}],"predecessor-version":[{"id":43873,"href":"https:\/\/encuentroinformativo.com.mx\/index.php?rest_route=\/wp\/v2\/posts\/43871\/revisions\/43873"}],"wp:featuredmedia":[{"embeddable":true,"href":"https:\/\/encuentroinformativo.com.mx\/index.php?rest_route=\/wp\/v2\/media\/43872"}],"wp:attachment":[{"href":"https:\/\/encuentroinformativo.com.mx\/index.php?rest_route=%2Fwp%2Fv2%2Fmedia&parent=43871"}],"wp:term":[{"taxonomy":"category","embeddable":true,"href":"https:\/\/encuentroinformativo.com.mx\/index.php?rest_route=%2Fwp%2Fv2%2Fcategories&post=43871"},{"taxonomy":"post_tag","embeddable":true,"href":"https:\/\/encuentroinformativo.com.mx\/index.php?rest_route=%2Fwp%2Fv2%2Ftags&post=43871"}],"curies":[{"name":"wp","href":"https:\/\/api.w.org\/{rel}","templated":true}]}}