{"id":43874,"date":"2023-08-15T23:45:09","date_gmt":"2023-08-16T05:45:09","guid":{"rendered":"https:\/\/encuentroinformativo.com.mx\/?p=43874"},"modified":"2023-08-15T23:45:14","modified_gmt":"2023-08-16T05:45:14","slug":"realizan-reuniones-operativas-en-poza-rica","status":"publish","type":"post","link":"https:\/\/encuentroinformativo.com.mx\/?p=43874","title":{"rendered":"Realizan reuniones operativas en Poza Rica"},"content":{"rendered":"\n<p>Poza Rica, Ver.- Dando cumplimiento a la instrucci\u00f3n del Gobernador Cuitl\u00e1huac Garc\u00eda Jim\u00e9nez y en representaci\u00f3n del Secretario de Seguridad P\u00fablica, Cap. Cuauht\u00e9moc Z\u00fa\u00f1iga Bonilla, el Subsecretario de Operaciones, Cap. Rafael \u00c1ngel Gonz\u00e1lez Uscanga, encabez\u00f3 reuni\u00f3n operativa en el municipio de Poza Rica.<\/p>\n\n\n\n<p>Con el fin de reforzar y coordinar acciones preventivas en la zona norte de la entidad con autoridades Federales, Estatales y Municipales; contando con la asistencia de representantes de la SEMAR, SEDENA, Guardia Nacional, Polic\u00eda Estatal y Fuerza Civil.<\/p>\n\n\n\n<p>Se analizaron las estrategias que se pondr\u00e1n en marcha para dar continuidad a la operatividad, cuya finalidad es inhibir conductas delictivas mediante el esfuerzo de los tres ordenes de gobierno a trav\u00e9s de patrullajes y puestos de revisi\u00f3n aleatorios en zonas espec\u00edficas.<\/p>\n\n\n\n<p>Con un gran compromiso por Veracruz, la Cuarta Transformaci\u00f3n trabaja de manera conjunta entre los tres \u00f3rdenes de gobierno para brindar paz y tranquilidad a las familias veracruzanas.<\/p>\n\n\n\n<figure class=\"wp-block-image size-large\"><img loading=\"lazy\" decoding=\"async\" width=\"1024\" height=\"683\" src=\"https:\/\/encuentroinformativo.com.mx\/wp-content\/uploads\/2023\/08\/IMG-20230815-WA0139.jpg\" alt=\"\" class=\"wp-image-43876\" srcset=\"https:\/\/encuentroinformativo.com.mx\/wp-content\/uploads\/2023\/08\/IMG-20230815-WA0139.jpg 1024w, https:\/\/encuentroinformativo.com.mx\/wp-content\/uploads\/2023\/08\/IMG-20230815-WA0139-300x200.jpg 300w, https:\/\/encuentroinformativo.com.mx\/wp-content\/uploads\/2023\/08\/IMG-20230815-WA0139-768x512.jpg 768w\" sizes=\"auto, (max-width: 1024px) 100vw, 1024px\" \/><\/figure>\n","protected":false},"excerpt":{"rendered":"<p>Poza Rica, Ver.- Dando cumplimiento a la instrucci\u00f3n del Gobernador Cuitl\u00e1huac Garc\u00eda Jim\u00e9nez y en representaci\u00f3n del Secretario de Seguridad P\u00fablica, Cap. Cuauht\u00e9moc Z\u00fa\u00f1iga Bonilla, el Subsecretario de Operaciones, Cap. Rafael \u00c1ngel Gonz\u00e1lez Uscanga, encabez\u00f3 reuni\u00f3n operativa en el municipio de Poza Rica. Con el fin de reforzar y coordinar acciones preventivas en la zona [&hellip;]<\/p>\n","protected":false},"author":2476,"featured_media":43875,"comment_status":"open","ping_status":"open","sticky":false,"template":"","format":"standard","meta":{"_jetpack_memberships_contains_paid_content":false,"footnotes":""},"categories":[2],"tags":[],"class_list":["post-43874","post","type-post","status-publish","format-standard","has-post-thumbnail","hentry","category-estado"],"jetpack_featured_media_url":"https:\/\/encuentroinformativo.com.mx\/wp-content\/uploads\/2023\/08\/IMG-20230815-WA0134.jpg","jetpack_sharing_enabled":true,"jetpack_likes_enabled":true,"amp_enabled":true,"_links":{"self":[{"href":"https:\/\/encuentroinformativo.com.mx\/index.php?rest_route=\/wp\/v2\/posts\/43874","targetHints":{"allow":["GET"]}}],"collection":[{"href":"https:\/\/encuentroinformativo.com.mx\/index.php?rest_route=\/wp\/v2\/posts"}],"about":[{"href":"https:\/\/encuentroinformativo.com.mx\/index.php?rest_route=\/wp\/v2\/types\/post"}],"author":[{"embeddable":true,"href":"https:\/\/encuentroinformativo.com.mx\/index.php?rest_route=\/wp\/v2\/users\/2476"}],"replies":[{"embeddable":true,"href":"https:\/\/encuentroinformativo.com.mx\/index.php?rest_route=%2Fwp%2Fv2%2Fcomments&post=43874"}],"version-history":[{"count":1,"href":"https:\/\/encuentroinformativo.com.mx\/index.php?rest_route=\/wp\/v2\/posts\/43874\/revisions"}],"predecessor-version":[{"id":43877,"href":"https:\/\/encuentroinformativo.com.mx\/index.php?rest_route=\/wp\/v2\/posts\/43874\/revisions\/43877"}],"wp:featuredmedia":[{"embeddable":true,"href":"https:\/\/encuentroinformativo.com.mx\/index.php?rest_route=\/wp\/v2\/media\/43875"}],"wp:attachment":[{"href":"https:\/\/encuentroinformativo.com.mx\/index.php?rest_route=%2Fwp%2Fv2%2Fmedia&parent=43874"}],"wp:term":[{"taxonomy":"category","embeddable":true,"href":"https:\/\/encuentroinformativo.com.mx\/index.php?rest_route=%2Fwp%2Fv2%2Fcategories&post=43874"},{"taxonomy":"post_tag","embeddable":true,"href":"https:\/\/encuentroinformativo.com.mx\/index.php?rest_route=%2Fwp%2Fv2%2Ftags&post=43874"}],"curies":[{"name":"wp","href":"https:\/\/api.w.org\/{rel}","templated":true}]}}