{"id":43881,"date":"2023-08-16T09:34:03","date_gmt":"2023-08-16T15:34:03","guid":{"rendered":"https:\/\/encuentroinformativo.com.mx\/?p=43881"},"modified":"2023-08-16T09:34:07","modified_gmt":"2023-08-16T15:34:07","slug":"poza-rica-dudas","status":"publish","type":"post","link":"https:\/\/encuentroinformativo.com.mx\/?p=43881","title":{"rendered":"POZA RICA: DUDAS"},"content":{"rendered":"\n<p><strong>Los Pol\u00edticos<\/strong><\/p>\n\n\n\n<p><strong>Salvador Mu\u00f1oz<\/strong><\/p>\n\n\n\n<p>La forma tan simple y vulgar de Cuitl\u00e1huac Garc\u00eda para resolver situaciones tan escabrosas como las que distinguieron hace unos d\u00edas a Poza Rica, con el \u201cdescubrimiento\u201d de m\u00e1s de 13 cad\u00e1veres congelados (versi\u00f3n oficial) o m\u00e1s de 30 desmembrados (versi\u00f3n inicial), es ofensiva por cualquier lado que se le vea: \u201cAjuste de cuentas\u201d entre grupos delictivos.<\/p>\n\n\n\n<p>As\u00ed, de tajo, dio sentencia sobre los cuerpos de las neveras localizados en dos domicilios de Poza Rica\u2026 as\u00ed, de tajo, como es su costumbre, da un carpetazo donde los asesinos son malos y los asesinados, tambi\u00e9n\u2026<\/p>\n\n\n\n<p>Dudas razonables:<\/p>\n\n\n\n<p>\u00bfPor qu\u00e9 tener en nevera tal cantidad de cuerpos desmembrados? La pregunta parece obvia por la respuesta l\u00f3gica inmediata: Para su preservaci\u00f3n. S\u00ed, parece l\u00f3gico pero suena tan retorcido y hasta cierto grado enfermo\u2026<\/p>\n\n\n\n<p>\u00bfQu\u00e9 pensaban hacer con estos restos humanos? \u00bfPor qu\u00e9 resguardarlos? \u00bfCu\u00e1l ser\u00eda su fin?<\/p>\n\n\n\n<p>Si se acude a cualquier hemeroteca que nos acerque a la zona de Poza Rica, bien podr\u00edamos citar, antes del caso de las neveras, m\u00ednimo tres previos:<\/p>\n\n\n\n<p>El 9 de mayo, en el bulevar Central Poniente, frente a la Inspecci\u00f3n Tubular de Pemex, arrojaron restos humanos en bolsas negras con una lona blanca con un mensaje\u2026<\/p>\n\n\n\n<p>A finales de mayo, se report\u00f3 el hallazgo de varias bolsas negras con restos humanos en la calle Xalapa de la colonia Ruiz Cortines, en Coatzintla, municipio cercano a Poza Rica.<\/p>\n\n\n\n<p>Hace casi un mes, el 21 de julio,&nbsp;vecinos de la colonia Aviaci\u00f3n Vieja en Poza Rica, reportaron la aparici\u00f3n de un cuerpo desmembrado\u2026<\/p>\n\n\n\n<p>\u00bfA qu\u00e9 vamos? La facilidad que se tiene para ir de calle en calle ya sea en Poza Rica o Coatzintla, y \u201cdepositar\u201d restos humanos en donde plazca.<\/p>\n\n\n\n<p>Lo peor: Si tomamos en cuenta los tres casos citados as\u00ed como el \u201cdescubrimiento\u201d de las neveras, suena terrible pensar en Poza Rica como un \u201cDepartamento de Carnes Fr\u00edas del Crimen Organizado\u201d&#8230;<\/p>\n\n\n\n<p>La pregunta que m\u00e1s incomoda aun cuando Cuitl\u00e1huac Garc\u00eda ya haya dado \u201crespuesta\u201d con una sentencia est\u00f3lida: \u00bfQui\u00e9nes son esos cuerpos? Y sumar\u00eda \u00e9sta m\u00e1s: \u00bfDe d\u00f3nde vienen?<\/p>\n\n\n\n<p>Si bien, Cuitl\u00e1huac integra a los restos humanos encontrados a un \u201cAjuste de Cuentas\u201d es seguro que en m\u00e1s de 13 familias (versi\u00f3n oficial) o m\u00e1s de 30 familias (versi\u00f3n inicial) tengan un momento de incertidumbre entre la esperanza y el desasosiego\u2026 porque es seguro que estos cuerpos desmembrados tuvieron un hogar y alguien que los est\u00e9 buscando\u2026 los desaparecidos.<\/p>\n\n\n\n<p>\u00bfPor qui\u00e9nes no preguntar\u00edan en Poza Rica por 13 o m\u00e1s de 30 personas?&nbsp; Es una idea, pero no por ello, descabellada: indocumentados.<\/p>\n\n\n\n<p>Con las dos \u00faltimas preguntas bien se podr\u00eda echar abajo la manera simple, est\u00f3lica y vulgar de Cuitl\u00e1huac para \u201cresolver\u201d con un \u201cajuste de cuentas\u201d este dram\u00e1tico suceso en Poza Rica.<\/p>\n\n\n\n<p>La sencillez de Cuitl\u00e1huac para \u201centender\u201d esta carnicer\u00eda hace formular dos \u00faltimas preguntas: \u00bfO el Gobernador no le da fr\u00edo decir tanta sandez, o tiene congelado el cerebro?<\/p>\n","protected":false},"excerpt":{"rendered":"<p>Los Pol\u00edticos Salvador Mu\u00f1oz La forma tan simple y vulgar de Cuitl\u00e1huac Garc\u00eda para resolver situaciones tan escabrosas como las que distinguieron hace unos d\u00edas a Poza Rica, con el \u201cdescubrimiento\u201d de m\u00e1s de 13 cad\u00e1veres congelados (versi\u00f3n oficial) o m\u00e1s de 30 desmembrados (versi\u00f3n inicial), es ofensiva por cualquier lado que se le vea: [&hellip;]<\/p>\n","protected":false},"author":2476,"featured_media":387,"comment_status":"open","ping_status":"open","sticky":false,"template":"","format":"standard","meta":{"_jetpack_memberships_contains_paid_content":false,"footnotes":""},"categories":[11],"tags":[],"class_list":["post-43881","post","type-post","status-publish","format-standard","has-post-thumbnail","hentry","category-opinion"],"jetpack_featured_media_url":"https:\/\/encuentroinformativo.com.mx\/wp-content\/uploads\/2020\/03\/7CF8A22B-2764-47BE-8F7F-38FE9E5D6A2F.jpeg","jetpack_sharing_enabled":true,"jetpack_likes_enabled":true,"amp_enabled":true,"_links":{"self":[{"href":"https:\/\/encuentroinformativo.com.mx\/index.php?rest_route=\/wp\/v2\/posts\/43881","targetHints":{"allow":["GET"]}}],"collection":[{"href":"https:\/\/encuentroinformativo.com.mx\/index.php?rest_route=\/wp\/v2\/posts"}],"about":[{"href":"https:\/\/encuentroinformativo.com.mx\/index.php?rest_route=\/wp\/v2\/types\/post"}],"author":[{"embeddable":true,"href":"https:\/\/encuentroinformativo.com.mx\/index.php?rest_route=\/wp\/v2\/users\/2476"}],"replies":[{"embeddable":true,"href":"https:\/\/encuentroinformativo.com.mx\/index.php?rest_route=%2Fwp%2Fv2%2Fcomments&post=43881"}],"version-history":[{"count":1,"href":"https:\/\/encuentroinformativo.com.mx\/index.php?rest_route=\/wp\/v2\/posts\/43881\/revisions"}],"predecessor-version":[{"id":43882,"href":"https:\/\/encuentroinformativo.com.mx\/index.php?rest_route=\/wp\/v2\/posts\/43881\/revisions\/43882"}],"wp:featuredmedia":[{"embeddable":true,"href":"https:\/\/encuentroinformativo.com.mx\/index.php?rest_route=\/wp\/v2\/media\/387"}],"wp:attachment":[{"href":"https:\/\/encuentroinformativo.com.mx\/index.php?rest_route=%2Fwp%2Fv2%2Fmedia&parent=43881"}],"wp:term":[{"taxonomy":"category","embeddable":true,"href":"https:\/\/encuentroinformativo.com.mx\/index.php?rest_route=%2Fwp%2Fv2%2Fcategories&post=43881"},{"taxonomy":"post_tag","embeddable":true,"href":"https:\/\/encuentroinformativo.com.mx\/index.php?rest_route=%2Fwp%2Fv2%2Ftags&post=43881"}],"curies":[{"name":"wp","href":"https:\/\/api.w.org\/{rel}","templated":true}]}}