{"id":43887,"date":"2023-08-16T11:42:15","date_gmt":"2023-08-16T17:42:15","guid":{"rendered":"https:\/\/encuentroinformativo.com.mx\/?p=43887"},"modified":"2023-08-16T11:42:19","modified_gmt":"2023-08-16T17:42:19","slug":"mas-de-700-elementos-de-seguridad-reforzaran-operativo-en-poza-rica","status":"publish","type":"post","link":"https:\/\/encuentroinformativo.com.mx\/?p=43887","title":{"rendered":"M\u00e1s de 700 elementos de seguridad reforzar\u00e1n operativo en Poza Rica"},"content":{"rendered":"\n<p><em><strong>*M\u00e1s de 2 mil 700 mdp en programas sociales llegan a la regi\u00f3n: Gobernador<\/strong><\/em>.<\/p>\n\n\n\n<p><em>Xalapa, Ver.-<\/em> En la segunda sesi\u00f3n consecutiva de la Coordinaci\u00f3n Estatal para la Construcci\u00f3n de la Paz en Poza Rica, el gobernador Cuitl\u00e1huac Garc\u00eda Jim\u00e9nez dio a conocer que ser\u00e1n 714 los elementos que reforzar\u00e1n los operativos de seguridad en la regi\u00f3n, con el prop\u00f3sito de seguir velando por la tranquilidad de las familias.<\/p>\n\n\n\n<p>El despliegue t\u00e1ctico incluye personal de la Marina-Armada de M\u00e9xico, Ej\u00e9rcito Mexicano y Guardia Nacional, as\u00ed como de la Secretar\u00eda de Seguridad P\u00fablica mediante Polic\u00eda Estatal y Fuerza Civil, junto con Polic\u00eda Ministerial y las corporaciones municipales, \u201cquienes van a permanecer en esta zona el tiempo necesario\u201d.<\/p>\n\n\n\n<p>Entrevistado por medios locales, el mandatario celebr\u00f3 que exista coordinaci\u00f3n de los tres \u00f3rdenes de gobierno, la cual impactar\u00e1 en todos los municipios aleda\u00f1os a Poza Rica y sus habitantes podr\u00e1n estar seguros y protegidos.<\/p>\n\n\n\n<p>Se\u00f1al\u00f3 que la percepci\u00f3n de los alcaldes es de tranquilidad y que agradecen el reforzamiento de los operativos, al tiempo de agregar que a la regi\u00f3n llegan m\u00e1s de 2 mil 700 millones de pesos v\u00eda los programas sociales a por lo menos 100 mil beneficiarios, una derrama importante que significa el resurgimiento de las actividades econ\u00f3micas.<\/p>\n","protected":false},"excerpt":{"rendered":"<p>*M\u00e1s de 2 mil 700 mdp en programas sociales llegan a la regi\u00f3n: Gobernador. Xalapa, Ver.- En la segunda sesi\u00f3n consecutiva de la Coordinaci\u00f3n Estatal para la Construcci\u00f3n de la Paz en Poza Rica, el gobernador Cuitl\u00e1huac Garc\u00eda Jim\u00e9nez dio a conocer que ser\u00e1n 714 los elementos que reforzar\u00e1n los operativos de seguridad en la [&hellip;]<\/p>\n","protected":false},"author":2476,"featured_media":43888,"comment_status":"open","ping_status":"open","sticky":false,"template":"","format":"standard","meta":{"_jetpack_memberships_contains_paid_content":false,"footnotes":""},"categories":[2],"tags":[],"class_list":["post-43887","post","type-post","status-publish","format-standard","has-post-thumbnail","hentry","category-estado"],"jetpack_featured_media_url":"https:\/\/encuentroinformativo.com.mx\/wp-content\/uploads\/2023\/08\/IMG-20230816-WA00462.jpg","jetpack_sharing_enabled":true,"jetpack_likes_enabled":true,"amp_enabled":true,"_links":{"self":[{"href":"https:\/\/encuentroinformativo.com.mx\/index.php?rest_route=\/wp\/v2\/posts\/43887","targetHints":{"allow":["GET"]}}],"collection":[{"href":"https:\/\/encuentroinformativo.com.mx\/index.php?rest_route=\/wp\/v2\/posts"}],"about":[{"href":"https:\/\/encuentroinformativo.com.mx\/index.php?rest_route=\/wp\/v2\/types\/post"}],"author":[{"embeddable":true,"href":"https:\/\/encuentroinformativo.com.mx\/index.php?rest_route=\/wp\/v2\/users\/2476"}],"replies":[{"embeddable":true,"href":"https:\/\/encuentroinformativo.com.mx\/index.php?rest_route=%2Fwp%2Fv2%2Fcomments&post=43887"}],"version-history":[{"count":1,"href":"https:\/\/encuentroinformativo.com.mx\/index.php?rest_route=\/wp\/v2\/posts\/43887\/revisions"}],"predecessor-version":[{"id":43889,"href":"https:\/\/encuentroinformativo.com.mx\/index.php?rest_route=\/wp\/v2\/posts\/43887\/revisions\/43889"}],"wp:featuredmedia":[{"embeddable":true,"href":"https:\/\/encuentroinformativo.com.mx\/index.php?rest_route=\/wp\/v2\/media\/43888"}],"wp:attachment":[{"href":"https:\/\/encuentroinformativo.com.mx\/index.php?rest_route=%2Fwp%2Fv2%2Fmedia&parent=43887"}],"wp:term":[{"taxonomy":"category","embeddable":true,"href":"https:\/\/encuentroinformativo.com.mx\/index.php?rest_route=%2Fwp%2Fv2%2Fcategories&post=43887"},{"taxonomy":"post_tag","embeddable":true,"href":"https:\/\/encuentroinformativo.com.mx\/index.php?rest_route=%2Fwp%2Fv2%2Ftags&post=43887"}],"curies":[{"name":"wp","href":"https:\/\/api.w.org\/{rel}","templated":true}]}}