{"id":43890,"date":"2023-08-16T12:30:57","date_gmt":"2023-08-16T18:30:57","guid":{"rendered":"https:\/\/encuentroinformativo.com.mx\/?p=43890"},"modified":"2023-08-16T12:31:02","modified_gmt":"2023-08-16T18:31:02","slug":"a-dias-de-iniciar-la-temporada-cambian-a-gerente-general-de-halcones-rojos-veracruz","status":"publish","type":"post","link":"https:\/\/encuentroinformativo.com.mx\/?p=43890","title":{"rendered":"A d\u00edas de iniciar la temporada, cambian a gerente general de Halcones Rojos Veracruz"},"content":{"rendered":"\n<p><strong>Alejandro \u00c1vila<\/strong><\/p>\n\n\n\n<p>Veracruz, Ver.- A d\u00edas de iniciar la temporada varonil de basquetbol profesional en M\u00e9xico, la directiva de los Halcones Rojos Veracruz decidi\u00f3 cambiar a su gerente general por no cumplir con lo previamente establecido en contrato.<\/p>\n\n\n\n<p>Luis Maggi fue removido de su cargo y enviado al \u00e1rea de ventas, pues su lugar ser\u00e1 tomado por Pedro Santana, quien ser\u00e1 la mano derecha del presidente, Roberto Alvarado Rosete.<\/p>\n\n\n\n<p>Luis Maggi acumul\u00f3 varias quejas durante las \u00faltimas semanas, mismas que ven\u00eda acarreando desde su gesti\u00f3n con el cuadro femenil Rojas de Veracruz, a quienes nunca acompa\u00f1\u00f3 en sus viajes, pero la gota que derram\u00f3 el vaso fue la falta de atenci\u00f3n en los juegos de pretemporada del equipo varonil.<\/p>\n\n\n\n<p>De la misma manera, se le aquejan las criticas en redes sociales de este mi\u00e9rcoles, pues en la presentaci\u00f3n de Halcones Rojos en conocido bar de la ciudad, el logotipo que figur\u00f3 en el centro nocturno durante la foto oficial, fue el del equipo femenil, Rojas de Veracruz.<\/p>\n\n\n\n<p>Otra situaci\u00f3n que se le atribuye, ya que \u00e9l nombr\u00f3 a Tania Ram\u00edrez en la direcci\u00f3n de Marketing, es que el tercer uniforme emplumado, es similar al del equipo de b\u00e9isbol, \u00c1guila de Veracruz; y el hashtag #VibraEnMiSer, es copiado de los desaparecidos Tiburones Rojos de Veracruz.<\/p>\n\n\n\n<p>Pedro Santana, tiene experiencia en el basquetbol profesional, pues ocup\u00f3 el mismo cargo con el equipo Libertadores de Quer\u00e9taro en la Liga SISNOVA, y se espera rinda mejores dividendos que su antecesor.<\/p>\n","protected":false},"excerpt":{"rendered":"<p>Alejandro \u00c1vila Veracruz, Ver.- A d\u00edas de iniciar la temporada varonil de basquetbol profesional en M\u00e9xico, la directiva de los Halcones Rojos Veracruz decidi\u00f3 cambiar a su gerente general por no cumplir con lo previamente establecido en contrato. Luis Maggi fue removido de su cargo y enviado al \u00e1rea de ventas, pues su lugar ser\u00e1 [&hellip;]<\/p>\n","protected":false},"author":2476,"featured_media":43891,"comment_status":"open","ping_status":"open","sticky":false,"template":"","format":"standard","meta":{"_jetpack_memberships_contains_paid_content":false,"footnotes":""},"categories":[2],"tags":[],"class_list":["post-43890","post","type-post","status-publish","format-standard","has-post-thumbnail","hentry","category-estado"],"jetpack_featured_media_url":"https:\/\/encuentroinformativo.com.mx\/wp-content\/uploads\/2023\/08\/IMG-20230816-WA0062.jpg","jetpack_sharing_enabled":true,"jetpack_likes_enabled":true,"amp_enabled":true,"_links":{"self":[{"href":"https:\/\/encuentroinformativo.com.mx\/index.php?rest_route=\/wp\/v2\/posts\/43890","targetHints":{"allow":["GET"]}}],"collection":[{"href":"https:\/\/encuentroinformativo.com.mx\/index.php?rest_route=\/wp\/v2\/posts"}],"about":[{"href":"https:\/\/encuentroinformativo.com.mx\/index.php?rest_route=\/wp\/v2\/types\/post"}],"author":[{"embeddable":true,"href":"https:\/\/encuentroinformativo.com.mx\/index.php?rest_route=\/wp\/v2\/users\/2476"}],"replies":[{"embeddable":true,"href":"https:\/\/encuentroinformativo.com.mx\/index.php?rest_route=%2Fwp%2Fv2%2Fcomments&post=43890"}],"version-history":[{"count":1,"href":"https:\/\/encuentroinformativo.com.mx\/index.php?rest_route=\/wp\/v2\/posts\/43890\/revisions"}],"predecessor-version":[{"id":43892,"href":"https:\/\/encuentroinformativo.com.mx\/index.php?rest_route=\/wp\/v2\/posts\/43890\/revisions\/43892"}],"wp:featuredmedia":[{"embeddable":true,"href":"https:\/\/encuentroinformativo.com.mx\/index.php?rest_route=\/wp\/v2\/media\/43891"}],"wp:attachment":[{"href":"https:\/\/encuentroinformativo.com.mx\/index.php?rest_route=%2Fwp%2Fv2%2Fmedia&parent=43890"}],"wp:term":[{"taxonomy":"category","embeddable":true,"href":"https:\/\/encuentroinformativo.com.mx\/index.php?rest_route=%2Fwp%2Fv2%2Fcategories&post=43890"},{"taxonomy":"post_tag","embeddable":true,"href":"https:\/\/encuentroinformativo.com.mx\/index.php?rest_route=%2Fwp%2Fv2%2Ftags&post=43890"}],"curies":[{"name":"wp","href":"https:\/\/api.w.org\/{rel}","templated":true}]}}