{"id":43893,"date":"2023-08-16T12:42:56","date_gmt":"2023-08-16T18:42:56","guid":{"rendered":"https:\/\/encuentroinformativo.com.mx\/?p=43893"},"modified":"2023-08-16T12:43:01","modified_gmt":"2023-08-16T18:43:01","slug":"van-por-mas-desapariciones-forzadas-contra-ex-gobernador-duarte","status":"publish","type":"post","link":"https:\/\/encuentroinformativo.com.mx\/?p=43893","title":{"rendered":"Van por m\u00e1s desapariciones forzadas contra ex gobernador Duarte"},"content":{"rendered":"\n<p><strong>Dar\u00edo Pale <\/strong><\/p>\n\n\n\n<p>Xalapa, Ver.- La se\u00f1ora Mar\u00eda Elena Guti\u00e9rrez Dominguez t\u00eda del desaparecido Rafael Espinosa Guti\u00e9rrez, dijo que podr\u00edan ir contra Javier Duarte por otra desaparici\u00f3n forzada y buscar\u00e1n fincar responsabilidad a ex funcionarios como Amadeo Flores Espinosa.<\/p>\n\n\n\n<p>En conferencia de prensa se\u00f1al\u00f3 que ya se cumplieron 10 a\u00f1os de que su sobrino desapareci\u00f3, coment\u00f3 que la Fiscal\u00eda General del Estado (FGE), ha logrado unos avances en las investigaciones, contrario a lo que se\u00f1al\u00f3 su esposa el d\u00eda de ayer quien se\u00f1al\u00f3 que a\u00fan no ten\u00edan una l\u00ednea de investigaci\u00f3n.<\/p>\n\n\n\n<p>&#8220;Como ustedes saben estamos como grupo buscando a nuestros desaparecidos y desaparecidas Veracruz, buscando en la Academia de Polic\u00eda y porqu\u00e9 estamos buscando en la academia porque tenemos datos que apuntan a la desaparici\u00f3n forzada de Rafael&#8221;, se\u00f1al\u00f3.<\/p>\n\n\n\n<p>&#8220;La desaparici\u00f3n forzada en la \u00e9poca del gobierno de Duarte, sabemos que Rafael en el 2013 era secretario de estudio y cuenta en el Tribunal Electoral del Estado de Veracruz y que llevaba en ese momento un caso de fraude electoral por eso estaba en el tribunal el caso de Tepetlan donde aparecieron 400 actas electorales m\u00e1s de las que ten\u00edan registradas&#8221;, agreg\u00f3.<\/p>\n\n\n\n<p>Coment\u00f3 que con esos datos piensan que Amadeo Flores Espinosa ex procurador general de justicia, Javier Duarte y personal de su gabinete ocultaron informaci\u00f3n sabiendo que hab\u00eda sido un caso de desaparici\u00f3n forzada y ocultaron el hecho ya que ellos mismos fueron coludidos en el caso.<\/p>\n\n\n\n<p>Dijo que la FGE ya tiene estos datos y en la carpeta aparecer\u00e1 como desaparici\u00f3n forzada, y piensan que se debi\u00f3 a su trabajo ya que el caso que ten\u00eda lo canaliz\u00f3 a la Procuradur\u00eda General de la Rep\u00fablica (PGR), y dejaba entrever la legalidad de las elecciones en Veracruz.<\/p>\n\n\n\n<p>Revel\u00f3 que una persona que supuestamente hab\u00eda sido cercana al exprocurador se acerc\u00f3 y les dijo: no quiten el dedo del rengl\u00f3n, fue el Estado.<\/p>\n\n\n\n<p>&#8220;Se acercaron otras personas, pero no ten\u00edamos para argumentar. Despu\u00e9s de 10 a\u00f1os s\u00ed tenemos elementos, la Fiscal\u00eda est\u00e1 aceptando para investigar el caso de desaparici\u00f3n forzada de Rafael Espinosa Guti\u00e9rrez&#8221;, enfatiz\u00f3.<\/p>\n\n\n\n<p>Explic\u00f3 que la esposa de Rafael dijo apenas este martes, al cumplir 10 a\u00f1os de su desaparici\u00f3n, que la Fiscal\u00eda no ten\u00eda una l\u00ednea de investigaci\u00f3n, porque por secrec\u00eda de la indagatoria ella no deb\u00eda de saber los avances.<\/p>\n\n\n\n<p>Por su parte, el abogado del Colectivo, \u00d3scar Espino, estim\u00f3 que s\u00ed se le podr\u00eda fincar responsabilidad por desaparici\u00f3n forzada de personas al exgobernador Duarte, solo est\u00e1n esperando que se integre de manera debida la carpeta de investigaci\u00f3n para demostrar la participaci\u00f3n del Estado en la desaparici\u00f3n de Espinoza Guti\u00e9rrez.<\/p>\n\n\n\n<p>Record\u00f3 tambi\u00e9n que el delito por desaparici\u00f3n no prescribe, es un delito de lesa humanidad que no s\u00f3lo ofende a la familia de la v\u00edctima, sino a la sociedad en general.<\/p>\n\n\n\n<p>&#8220;Por eso estamos esperando de la Fiscal\u00eda que haga un trabajo diligente para que hagan las investigaciones pertinentes para demostrar que la desaparici\u00f3n de Rafael es una desaparici\u00f3n donde el Estado tiene participaci\u00f3n y la participaci\u00f3n es ocultando datos.<\/p>\n\n\n\n<p>Como parte de la carpeta de investigaci\u00f3n lo que tienen que probar es cu\u00e1ntas autoridades de aquel entonces tendr\u00edan responsabilidad por la desaparici\u00f3n del extrabajador del Tribunal&#8221;, subray\u00f3.<\/p>\n\n\n\n<p>El Abogado detall\u00f3 que algunos exservidores p\u00fablicos podr\u00edan tener alg\u00fan grado de participaci\u00f3n por ocultar informaci\u00f3n y otros por haber participado de manera directa.<\/p>\n\n\n\n<p>Por \u00faltimo aclar\u00f3 que no hay ning\u00fan exservidor p\u00fablico denunciado de manera formal, a quien se denunci\u00f3 fue al Estado, ahora lo que tienen que ver es a qui\u00e9nes les alcanza la responsabilidad.<\/p>\n\n\n\n<figure class=\"wp-block-image size-large\"><img loading=\"lazy\" decoding=\"async\" width=\"1024\" height=\"768\" src=\"https:\/\/encuentroinformativo.com.mx\/wp-content\/uploads\/2023\/08\/IMG-20230816-WA0064-1024x768.jpg\" alt=\"\" class=\"wp-image-43895\" srcset=\"https:\/\/encuentroinformativo.com.mx\/wp-content\/uploads\/2023\/08\/IMG-20230816-WA0064-1024x768.jpg 1024w, https:\/\/encuentroinformativo.com.mx\/wp-content\/uploads\/2023\/08\/IMG-20230816-WA0064-300x225.jpg 300w, https:\/\/encuentroinformativo.com.mx\/wp-content\/uploads\/2023\/08\/IMG-20230816-WA0064-768x576.jpg 768w, https:\/\/encuentroinformativo.com.mx\/wp-content\/uploads\/2023\/08\/IMG-20230816-WA0064-1536x1152.jpg 1536w, https:\/\/encuentroinformativo.com.mx\/wp-content\/uploads\/2023\/08\/IMG-20230816-WA0064.jpg 1600w\" sizes=\"auto, (max-width: 1024px) 100vw, 1024px\" \/><\/figure>\n","protected":false},"excerpt":{"rendered":"<p>Dar\u00edo Pale Xalapa, Ver.- La se\u00f1ora Mar\u00eda Elena Guti\u00e9rrez Dominguez t\u00eda del desaparecido Rafael Espinosa Guti\u00e9rrez, dijo que podr\u00edan ir contra Javier Duarte por otra desaparici\u00f3n forzada y buscar\u00e1n fincar responsabilidad a ex funcionarios como Amadeo Flores Espinosa. En conferencia de prensa se\u00f1al\u00f3 que ya se cumplieron 10 a\u00f1os de que su sobrino desapareci\u00f3, coment\u00f3 [&hellip;]<\/p>\n","protected":false},"author":2476,"featured_media":43894,"comment_status":"open","ping_status":"open","sticky":false,"template":"","format":"standard","meta":{"_jetpack_memberships_contains_paid_content":false,"footnotes":""},"categories":[3],"tags":[],"class_list":["post-43893","post","type-post","status-publish","format-standard","has-post-thumbnail","hentry","category-xalapa"],"jetpack_featured_media_url":"https:\/\/encuentroinformativo.com.mx\/wp-content\/uploads\/2023\/08\/IMG-20230816-WA0070.jpg","jetpack_sharing_enabled":true,"jetpack_likes_enabled":true,"amp_enabled":true,"_links":{"self":[{"href":"https:\/\/encuentroinformativo.com.mx\/index.php?rest_route=\/wp\/v2\/posts\/43893","targetHints":{"allow":["GET"]}}],"collection":[{"href":"https:\/\/encuentroinformativo.com.mx\/index.php?rest_route=\/wp\/v2\/posts"}],"about":[{"href":"https:\/\/encuentroinformativo.com.mx\/index.php?rest_route=\/wp\/v2\/types\/post"}],"author":[{"embeddable":true,"href":"https:\/\/encuentroinformativo.com.mx\/index.php?rest_route=\/wp\/v2\/users\/2476"}],"replies":[{"embeddable":true,"href":"https:\/\/encuentroinformativo.com.mx\/index.php?rest_route=%2Fwp%2Fv2%2Fcomments&post=43893"}],"version-history":[{"count":1,"href":"https:\/\/encuentroinformativo.com.mx\/index.php?rest_route=\/wp\/v2\/posts\/43893\/revisions"}],"predecessor-version":[{"id":43896,"href":"https:\/\/encuentroinformativo.com.mx\/index.php?rest_route=\/wp\/v2\/posts\/43893\/revisions\/43896"}],"wp:featuredmedia":[{"embeddable":true,"href":"https:\/\/encuentroinformativo.com.mx\/index.php?rest_route=\/wp\/v2\/media\/43894"}],"wp:attachment":[{"href":"https:\/\/encuentroinformativo.com.mx\/index.php?rest_route=%2Fwp%2Fv2%2Fmedia&parent=43893"}],"wp:term":[{"taxonomy":"category","embeddable":true,"href":"https:\/\/encuentroinformativo.com.mx\/index.php?rest_route=%2Fwp%2Fv2%2Fcategories&post=43893"},{"taxonomy":"post_tag","embeddable":true,"href":"https:\/\/encuentroinformativo.com.mx\/index.php?rest_route=%2Fwp%2Fv2%2Ftags&post=43893"}],"curies":[{"name":"wp","href":"https:\/\/api.w.org\/{rel}","templated":true}]}}