{"id":43907,"date":"2023-08-16T14:47:47","date_gmt":"2023-08-16T20:47:47","guid":{"rendered":"https:\/\/encuentroinformativo.com.mx\/?p=43907"},"modified":"2023-08-16T14:47:51","modified_gmt":"2023-08-16T20:47:51","slug":"alcalde-de-jamapa-descarta-crisis-por-lepra-en-el-municipio","status":"publish","type":"post","link":"https:\/\/encuentroinformativo.com.mx\/?p=43907","title":{"rendered":"Alcalde de Jamapa descarta crisis por lepra en el municipio"},"content":{"rendered":"\n<p><strong>Alejandro \u00c1vila<\/strong><\/p>\n\n\n\n<p>Veracruz, Ver.- El alcalde de Jamapa, V\u00edctor Morales Castro, descart\u00f3 crisis por lepra en su municipio, tras la informaci\u00f3n difundida por la Jurisdicci\u00f3n Sanitaria, la cual report\u00f3 cuatro casos recientes.<\/p>\n\n\n\n<p>El presidente municipal reconoci\u00f3 que la dependencia estatal solicit\u00f3 el apoyo de la ambulancia municipal para trasladar a cuatro sospechosos de lepra hace tres meses, pero estos fueron atendidos y ya se encuentran fuera de peligro.<\/p>\n\n\n\n<p>&#8220;Fueron llevados, fueron atendidos, diagnosticados y ellos ya se encuentran bien, eran cuatro adultos mayores de aqu\u00ed de la cabecera municipal, y ahora la Secretar\u00eda de Salud a nivel estatal declara que fue positivo, pero en esos tres meses las personas fueron atendidas, est\u00e1n bien, es decir, no tenemos crisis&#8221;, subray\u00f3.<\/p>\n\n\n\n<p>El edil reconoci\u00f3 que hubo cierta preocupaci\u00f3n cuando les informaron sobre los casos, pero afortunadamente, a la fecha, no han tenido ning\u00fan otro reporte de una situaci\u00f3n de este tipo.<\/p>\n\n\n\n<p>Finalmente y en otro tema, coment\u00f3 que a pesar de las fuertes lluvias no hay riesgo de desbordamiento del R\u00edo Jamapa, por lo cual las viviendas que se encuentran alrededor est\u00e1n fuera de peligro.<\/p>\n","protected":false},"excerpt":{"rendered":"<p>Alejandro \u00c1vila Veracruz, Ver.- El alcalde de Jamapa, V\u00edctor Morales Castro, descart\u00f3 crisis por lepra en su municipio, tras la informaci\u00f3n difundida por la Jurisdicci\u00f3n Sanitaria, la cual report\u00f3 cuatro casos recientes. El presidente municipal reconoci\u00f3 que la dependencia estatal solicit\u00f3 el apoyo de la ambulancia municipal para trasladar a cuatro sospechosos de lepra hace [&hellip;]<\/p>\n","protected":false},"author":2476,"featured_media":43908,"comment_status":"open","ping_status":"open","sticky":false,"template":"","format":"standard","meta":{"_jetpack_memberships_contains_paid_content":false,"footnotes":""},"categories":[9],"tags":[],"class_list":["post-43907","post","type-post","status-publish","format-standard","has-post-thumbnail","hentry","category-salud"],"jetpack_featured_media_url":"https:\/\/encuentroinformativo.com.mx\/wp-content\/uploads\/2023\/08\/IMG-20230816-WA01122.jpg","jetpack_sharing_enabled":true,"jetpack_likes_enabled":true,"amp_enabled":true,"_links":{"self":[{"href":"https:\/\/encuentroinformativo.com.mx\/index.php?rest_route=\/wp\/v2\/posts\/43907","targetHints":{"allow":["GET"]}}],"collection":[{"href":"https:\/\/encuentroinformativo.com.mx\/index.php?rest_route=\/wp\/v2\/posts"}],"about":[{"href":"https:\/\/encuentroinformativo.com.mx\/index.php?rest_route=\/wp\/v2\/types\/post"}],"author":[{"embeddable":true,"href":"https:\/\/encuentroinformativo.com.mx\/index.php?rest_route=\/wp\/v2\/users\/2476"}],"replies":[{"embeddable":true,"href":"https:\/\/encuentroinformativo.com.mx\/index.php?rest_route=%2Fwp%2Fv2%2Fcomments&post=43907"}],"version-history":[{"count":1,"href":"https:\/\/encuentroinformativo.com.mx\/index.php?rest_route=\/wp\/v2\/posts\/43907\/revisions"}],"predecessor-version":[{"id":43909,"href":"https:\/\/encuentroinformativo.com.mx\/index.php?rest_route=\/wp\/v2\/posts\/43907\/revisions\/43909"}],"wp:featuredmedia":[{"embeddable":true,"href":"https:\/\/encuentroinformativo.com.mx\/index.php?rest_route=\/wp\/v2\/media\/43908"}],"wp:attachment":[{"href":"https:\/\/encuentroinformativo.com.mx\/index.php?rest_route=%2Fwp%2Fv2%2Fmedia&parent=43907"}],"wp:term":[{"taxonomy":"category","embeddable":true,"href":"https:\/\/encuentroinformativo.com.mx\/index.php?rest_route=%2Fwp%2Fv2%2Fcategories&post=43907"},{"taxonomy":"post_tag","embeddable":true,"href":"https:\/\/encuentroinformativo.com.mx\/index.php?rest_route=%2Fwp%2Fv2%2Ftags&post=43907"}],"curies":[{"name":"wp","href":"https:\/\/api.w.org\/{rel}","templated":true}]}}