{"id":43929,"date":"2023-08-16T21:32:00","date_gmt":"2023-08-17T03:32:00","guid":{"rendered":"https:\/\/encuentroinformativo.com.mx\/?p=43929"},"modified":"2023-08-17T09:34:53","modified_gmt":"2023-08-17T15:34:53","slug":"a-pesar-de-amparo-exfiscal-jorge-n-seguira-en-prision","status":"publish","type":"post","link":"https:\/\/encuentroinformativo.com.mx\/?p=43929","title":{"rendered":"A pesar de amparo, exfiscal Jorge N seguir\u00e1 en prisi\u00f3n"},"content":{"rendered":"\n<p><strong>Juan Arcos <\/strong><\/p>\n\n\n\n<p>Xalapa, Ver.- El exfiscal de Veracruz, Jorge Winckler Ortiz, seguir\u00e1 en prisi\u00f3n luego de que un juez de control dictara la medida cautelar de prisi\u00f3n preventiva justificada por un a\u00f1o en su contra, a pesar de haber logrado una suspensi\u00f3n provisional para cesar la prisi\u00f3n preventiva oficiosa.<\/p>\n\n\n\n<p>La audiencia se llev\u00f3 a cabo durante este mi\u00e9rcoles 16 de agosto en los juzgados del penal de Pacho Viejo, municipio de Coatepec, donde el juez determin\u00f3 que el exfuncionario continuar\u00e1 vinculado al proceso penal 296\/2019 por los presuntos delitos de privaci\u00f3n ilegal de la libertad en modalidad de secuestro y desaparici\u00f3n forzada.<\/p>\n\n\n\n<p>La audiencia se celebr\u00f3 en cumplimiento al incidente de suspensi\u00f3n relativo al juicio de amparo n\u00famero 751\/2023, del Juez Decimos\u00e9ptimo de Distrito, donde ordenaba cesar la prisi\u00f3n preventiva oficiosa, para que se entrara al estudio de la medida cautelar.<\/p>\n\n\n\n<p>Al concluir la audiencia, el abogado del imputado, Daniel Juan Garc\u00eda, indic\u00f3 que impugnar\u00e1n nuevamente esta determinaci\u00f3n a trav\u00e9s de un juicio de amparo.<\/p>\n\n\n\n<p>\u201cFue una audiencia en la que mediante un amparo se orden\u00f3 que se revisara la medida cautelar de prisi\u00f3n preventiva oficiosa y fue la que se le quit\u00f3. Ahora est\u00e1 en debate la prisi\u00f3n justificada\u201d, expres\u00f3.<\/p>\n\n\n\n<p>Al exfiscal de Veracruz, quien es cercano al exgobernador Miguel \u00c1ngel Yunes Linares, se le acusa del secuestro de Francisco Z\u00e1rate Avi\u00f1a, exchofer de Luis \u00c1ngel Bravo Contreras, quien fuera fiscal durante el gobierno de Javier Duarte de Ochoa.<\/p>\n\n\n\n<p>Cabe recordar que el exfiscal del estado de Veracruz fue trasladado al penal de m\u00e1xima seguridad del Altiplano, en el Estado de M\u00e9xico, para garantizar su integridad, pues el exfuncionario estaba preso en la c\u00e1rcel de Pacho Viejo, en Coatepec, donde presuntamente recluy\u00f3 a varios criminales y tem\u00eda por su vida.<\/p>\n\n\n\n<p>La audiencia estaba programada a las 10 de la ma\u00f1ana y culmin\u00f3 durante la tarde noche de este mi\u00e9rcoles 16 de agosto. La Fiscal\u00eda General del Estado inform\u00f3 en un breve comunicado que Jorge Winckler permanecer\u00e1 en la c\u00e1rcel.<\/p>\n\n\n\n<p>A finales de julio de 2022, Jorge Winckler Ortiz, exfiscal general de Veracruz, solicit\u00f3 que sus audiencias en los juzgados del penal de Pacho Viejo, municipio de Coatepec, fueran p\u00fablicas y se permitiera el acceso a los medios de comunicaci\u00f3n; sin embargo, fue ignorado.<\/p>\n\n\n\n<p>El exfuncionario yunista ha se\u00f1alado que ha sido objeto de persecuci\u00f3n penal sustentada en falsedades y se ha ocultado la verdad, pues existe desinformaci\u00f3n del caso tras su detenci\u00f3n en Puerto Escondido, estado de Oaxaca, el pasado 25 de julio.<\/p>\n","protected":false},"excerpt":{"rendered":"<p>Juan Arcos Xalapa, Ver.- El exfiscal de Veracruz, Jorge Winckler Ortiz, seguir\u00e1 en prisi\u00f3n luego de que un juez de control dictara la medida cautelar de prisi\u00f3n preventiva justificada por un a\u00f1o en su contra, a pesar de haber logrado una suspensi\u00f3n provisional para cesar la prisi\u00f3n preventiva oficiosa. La audiencia se llev\u00f3 a cabo [&hellip;]<\/p>\n","protected":false},"author":2476,"featured_media":43930,"comment_status":"open","ping_status":"open","sticky":false,"template":"","format":"standard","meta":{"_jetpack_memberships_contains_paid_content":false,"footnotes":""},"categories":[2,12],"tags":[],"class_list":["post-43929","post","type-post","status-publish","format-standard","has-post-thumbnail","hentry","category-estado","category-nacional"],"jetpack_featured_media_url":"https:\/\/encuentroinformativo.com.mx\/wp-content\/uploads\/2023\/08\/31d64411-6c80-4219-ac51-e0efb2cb337f.jpg","jetpack_sharing_enabled":true,"jetpack_likes_enabled":true,"amp_enabled":true,"_links":{"self":[{"href":"https:\/\/encuentroinformativo.com.mx\/index.php?rest_route=\/wp\/v2\/posts\/43929","targetHints":{"allow":["GET"]}}],"collection":[{"href":"https:\/\/encuentroinformativo.com.mx\/index.php?rest_route=\/wp\/v2\/posts"}],"about":[{"href":"https:\/\/encuentroinformativo.com.mx\/index.php?rest_route=\/wp\/v2\/types\/post"}],"author":[{"embeddable":true,"href":"https:\/\/encuentroinformativo.com.mx\/index.php?rest_route=\/wp\/v2\/users\/2476"}],"replies":[{"embeddable":true,"href":"https:\/\/encuentroinformativo.com.mx\/index.php?rest_route=%2Fwp%2Fv2%2Fcomments&post=43929"}],"version-history":[{"count":1,"href":"https:\/\/encuentroinformativo.com.mx\/index.php?rest_route=\/wp\/v2\/posts\/43929\/revisions"}],"predecessor-version":[{"id":43931,"href":"https:\/\/encuentroinformativo.com.mx\/index.php?rest_route=\/wp\/v2\/posts\/43929\/revisions\/43931"}],"wp:featuredmedia":[{"embeddable":true,"href":"https:\/\/encuentroinformativo.com.mx\/index.php?rest_route=\/wp\/v2\/media\/43930"}],"wp:attachment":[{"href":"https:\/\/encuentroinformativo.com.mx\/index.php?rest_route=%2Fwp%2Fv2%2Fmedia&parent=43929"}],"wp:term":[{"taxonomy":"category","embeddable":true,"href":"https:\/\/encuentroinformativo.com.mx\/index.php?rest_route=%2Fwp%2Fv2%2Fcategories&post=43929"},{"taxonomy":"post_tag","embeddable":true,"href":"https:\/\/encuentroinformativo.com.mx\/index.php?rest_route=%2Fwp%2Fv2%2Ftags&post=43929"}],"curies":[{"name":"wp","href":"https:\/\/api.w.org\/{rel}","templated":true}]}}