{"id":43938,"date":"2023-08-17T12:02:43","date_gmt":"2023-08-17T18:02:43","guid":{"rendered":"https:\/\/encuentroinformativo.com.mx\/?p=43938"},"modified":"2023-08-17T12:02:47","modified_gmt":"2023-08-17T18:02:47","slug":"conmemora-ssp-el-dia-mundial-del-peaton","status":"publish","type":"post","link":"https:\/\/encuentroinformativo.com.mx\/?p=43938","title":{"rendered":"Conmemora SSP el D\u00eda Mundial del Peat\u00f3n"},"content":{"rendered":"\n<p><strong><em>*Participan autoridades como COEPRA, SESVER, PC<\/em>.<\/strong><\/p>\n\n\n\n<p>Xalapa, Ver.- Como parte de las acciones establecidas a nivel global en la agenda 2030, la Secretar\u00eda de Seguridad P\u00fablica a trav\u00e9s de la Direcci\u00f3n General de Tr\u00e1nsito y Seguridad Vial, particip\u00f3 esta ma\u00f1ana en los trabajos para conmemorar el D\u00eda Mundial del Peat\u00f3n.<\/p>\n\n\n\n<p>Esta conmemoraci\u00f3n tiene como objetivo primordial la recuperaci\u00f3n de espacios p\u00fablicos mediante el urbanismo t\u00e1ctico, consistente en la priorizaci\u00f3n del peat\u00f3n en las planificaciones urbanas creando zonas peatonales, instalaci\u00f3n de mobiliario urbano que fomente la interacci\u00f3n y el descanso, la implementaci\u00f3n de ciclov\u00edas y la mejora de las se\u00f1alizaciones para peatones.<\/p>\n\n\n\n<p>Autoridades de tr\u00e1nsito informaron que estas actividades se realizan en distintos puntos de la entidad, en municipios como San Andr\u00e9s Tuxtla, Coatzintla, Tamiahua y Xalapa en donde se pintaron pasos peatonales y zonas seguras, buscando en todo momento salvaguardar la integridad de las personas que caminan.<\/p>\n\n\n\n<p>En esta conmemoraci\u00f3n particip\u00f3 el titular de la Direcci\u00f3n General de Tr\u00e1nsito y Seguridad Vial, Jos\u00e9 Antonio Camps Valencia, as\u00ed como elementos de la corporaci\u00f3n, Polic\u00eda Vial, autoridades de COEPRA, SESVER, PC estatal, ayuntamiento de Xalapa y voluntarios de la Cruz Roja Mexicana.<\/p>\n\n\n\n<figure class=\"wp-block-image size-large\"><img loading=\"lazy\" decoding=\"async\" width=\"1024\" height=\"576\" src=\"https:\/\/encuentroinformativo.com.mx\/wp-content\/uploads\/2023\/08\/IMG-20230817-WA0020-1024x576.jpg\" alt=\"\" class=\"wp-image-43940\" srcset=\"https:\/\/encuentroinformativo.com.mx\/wp-content\/uploads\/2023\/08\/IMG-20230817-WA0020-1024x576.jpg 1024w, https:\/\/encuentroinformativo.com.mx\/wp-content\/uploads\/2023\/08\/IMG-20230817-WA0020-300x169.jpg 300w, https:\/\/encuentroinformativo.com.mx\/wp-content\/uploads\/2023\/08\/IMG-20230817-WA0020-768x432.jpg 768w, https:\/\/encuentroinformativo.com.mx\/wp-content\/uploads\/2023\/08\/IMG-20230817-WA0020-1536x864.jpg 1536w, https:\/\/encuentroinformativo.com.mx\/wp-content\/uploads\/2023\/08\/IMG-20230817-WA0020.jpg 1600w\" sizes=\"auto, (max-width: 1024px) 100vw, 1024px\" \/><\/figure>\n\n\n\n<figure class=\"wp-block-image size-large\"><img loading=\"lazy\" decoding=\"async\" width=\"1024\" height=\"576\" src=\"https:\/\/encuentroinformativo.com.mx\/wp-content\/uploads\/2023\/08\/IMG-20230817-WA0018-1024x576.jpg\" alt=\"\" class=\"wp-image-43941\" srcset=\"https:\/\/encuentroinformativo.com.mx\/wp-content\/uploads\/2023\/08\/IMG-20230817-WA0018-1024x576.jpg 1024w, https:\/\/encuentroinformativo.com.mx\/wp-content\/uploads\/2023\/08\/IMG-20230817-WA0018-300x169.jpg 300w, https:\/\/encuentroinformativo.com.mx\/wp-content\/uploads\/2023\/08\/IMG-20230817-WA0018-768x432.jpg 768w, https:\/\/encuentroinformativo.com.mx\/wp-content\/uploads\/2023\/08\/IMG-20230817-WA0018-1536x864.jpg 1536w, https:\/\/encuentroinformativo.com.mx\/wp-content\/uploads\/2023\/08\/IMG-20230817-WA0018.jpg 1600w\" sizes=\"auto, (max-width: 1024px) 100vw, 1024px\" \/><\/figure>\n","protected":false},"excerpt":{"rendered":"<p>*Participan autoridades como COEPRA, SESVER, PC. Xalapa, Ver.- Como parte de las acciones establecidas a nivel global en la agenda 2030, la Secretar\u00eda de Seguridad P\u00fablica a trav\u00e9s de la Direcci\u00f3n General de Tr\u00e1nsito y Seguridad Vial, particip\u00f3 esta ma\u00f1ana en los trabajos para conmemorar el D\u00eda Mundial del Peat\u00f3n. Esta conmemoraci\u00f3n tiene como objetivo [&hellip;]<\/p>\n","protected":false},"author":2476,"featured_media":43939,"comment_status":"open","ping_status":"open","sticky":false,"template":"","format":"standard","meta":{"_jetpack_memberships_contains_paid_content":false,"footnotes":""},"categories":[2],"tags":[],"class_list":["post-43938","post","type-post","status-publish","format-standard","has-post-thumbnail","hentry","category-estado"],"jetpack_featured_media_url":"https:\/\/encuentroinformativo.com.mx\/wp-content\/uploads\/2023\/08\/IMG-20230817-WA0022.jpg","jetpack_sharing_enabled":true,"jetpack_likes_enabled":true,"amp_enabled":true,"_links":{"self":[{"href":"https:\/\/encuentroinformativo.com.mx\/index.php?rest_route=\/wp\/v2\/posts\/43938","targetHints":{"allow":["GET"]}}],"collection":[{"href":"https:\/\/encuentroinformativo.com.mx\/index.php?rest_route=\/wp\/v2\/posts"}],"about":[{"href":"https:\/\/encuentroinformativo.com.mx\/index.php?rest_route=\/wp\/v2\/types\/post"}],"author":[{"embeddable":true,"href":"https:\/\/encuentroinformativo.com.mx\/index.php?rest_route=\/wp\/v2\/users\/2476"}],"replies":[{"embeddable":true,"href":"https:\/\/encuentroinformativo.com.mx\/index.php?rest_route=%2Fwp%2Fv2%2Fcomments&post=43938"}],"version-history":[{"count":1,"href":"https:\/\/encuentroinformativo.com.mx\/index.php?rest_route=\/wp\/v2\/posts\/43938\/revisions"}],"predecessor-version":[{"id":43942,"href":"https:\/\/encuentroinformativo.com.mx\/index.php?rest_route=\/wp\/v2\/posts\/43938\/revisions\/43942"}],"wp:featuredmedia":[{"embeddable":true,"href":"https:\/\/encuentroinformativo.com.mx\/index.php?rest_route=\/wp\/v2\/media\/43939"}],"wp:attachment":[{"href":"https:\/\/encuentroinformativo.com.mx\/index.php?rest_route=%2Fwp%2Fv2%2Fmedia&parent=43938"}],"wp:term":[{"taxonomy":"category","embeddable":true,"href":"https:\/\/encuentroinformativo.com.mx\/index.php?rest_route=%2Fwp%2Fv2%2Fcategories&post=43938"},{"taxonomy":"post_tag","embeddable":true,"href":"https:\/\/encuentroinformativo.com.mx\/index.php?rest_route=%2Fwp%2Fv2%2Ftags&post=43938"}],"curies":[{"name":"wp","href":"https:\/\/api.w.org\/{rel}","templated":true}]}}