{"id":43943,"date":"2023-08-17T12:30:50","date_gmt":"2023-08-17T18:30:50","guid":{"rendered":"https:\/\/encuentroinformativo.com.mx\/?p=43943"},"modified":"2023-08-17T12:30:53","modified_gmt":"2023-08-17T18:30:53","slug":"carecen-mas-de-30-mil-jubilados-de-seguro-de-vida","status":"publish","type":"post","link":"https:\/\/encuentroinformativo.com.mx\/?p=43943","title":{"rendered":"Carecen m\u00e1s de 30 mil jubilados de seguro de vida"},"content":{"rendered":"\n<p><strong>Juan Arcos <\/strong><\/p>\n\n\n\n<p>Xalapa, Ver.- Decenas de jubilados y pensionados protestaron como cada jueves y bloquearon la calle Juan de la Luz Enr\u00edquez, en la zona centro de la ciudad de Xalapa, para exigir la renovaci\u00f3n de la p\u00f3liza para el seguro de vida.<\/p>\n\n\n\n<p>Se trata de integrantes de la Agrupaci\u00f3n Estatal de Jubilados y Pensionados del ISSSTE en el Estado de Veracruz (Ajupiv), quienes denunciaron que autoridades estatales solo les han dado \u201catole con el dedo\u201d.<\/p>\n\n\n\n<p>De acuerdo con Calixto Azuara Mendivil, uno de los fundadores de la Ajupiv, son m\u00e1s de 30 mil jubilados del sistema federal que carecen del seguro institucional en el estado de Veracruz.<\/p>\n\n\n\n<p>El entrevistado indic\u00f3 que en la Ajupiv hay 230 afiliados y cuatro de ellos han fallecido, pero sus familiares no han accedido al recurso econ\u00f3mico porque el gobierno estatal cancel\u00f3 la p\u00f3liza con la aseguradora GNP desde el 1 de noviembre de 2021.<\/p>\n\n\n\n<p>\u201cObviamente no los atienden, ni los apoyan, pero el universo potencial son algo as\u00ed como 30 mil los jubilados de Veracruz, que son del sistema federal porque son los que cotizan al ISSSTE \u00fanicamente, en el \u00e1mbito estatal es otra situaci\u00f3n que podr\u00eda estar en las mismas circunstancias\u201d.<\/p>\n\n\n\n<p>Azuara Mendivil opin\u00f3 que autoridades del gobierno estatal podr\u00edan estar incurriendo en alg\u00fan delito al dejar sin seguros institucionales a los jubilados y pensionados del Sector Educativo.<\/p>\n\n\n\n<p>Los quejosos amagaron con bloquear la vialidad en el centro de Xalapa cada jueves para exigir al gobernador Cuitl\u00e1huac Garc\u00eda Jim\u00e9nez, que se atiendan sus peticiones.<\/p>\n","protected":false},"excerpt":{"rendered":"<p>Juan Arcos Xalapa, Ver.- Decenas de jubilados y pensionados protestaron como cada jueves y bloquearon la calle Juan de la Luz Enr\u00edquez, en la zona centro de la ciudad de Xalapa, para exigir la renovaci\u00f3n de la p\u00f3liza para el seguro de vida. Se trata de integrantes de la Agrupaci\u00f3n Estatal de Jubilados y Pensionados [&hellip;]<\/p>\n","protected":false},"author":2476,"featured_media":43944,"comment_status":"open","ping_status":"open","sticky":false,"template":"","format":"standard","meta":{"_jetpack_memberships_contains_paid_content":false,"footnotes":""},"categories":[2],"tags":[],"class_list":["post-43943","post","type-post","status-publish","format-standard","has-post-thumbnail","hentry","category-estado"],"jetpack_featured_media_url":"https:\/\/encuentroinformativo.com.mx\/wp-content\/uploads\/2023\/08\/IMG_2174.jpg","jetpack_sharing_enabled":true,"jetpack_likes_enabled":true,"amp_enabled":true,"_links":{"self":[{"href":"https:\/\/encuentroinformativo.com.mx\/index.php?rest_route=\/wp\/v2\/posts\/43943","targetHints":{"allow":["GET"]}}],"collection":[{"href":"https:\/\/encuentroinformativo.com.mx\/index.php?rest_route=\/wp\/v2\/posts"}],"about":[{"href":"https:\/\/encuentroinformativo.com.mx\/index.php?rest_route=\/wp\/v2\/types\/post"}],"author":[{"embeddable":true,"href":"https:\/\/encuentroinformativo.com.mx\/index.php?rest_route=\/wp\/v2\/users\/2476"}],"replies":[{"embeddable":true,"href":"https:\/\/encuentroinformativo.com.mx\/index.php?rest_route=%2Fwp%2Fv2%2Fcomments&post=43943"}],"version-history":[{"count":1,"href":"https:\/\/encuentroinformativo.com.mx\/index.php?rest_route=\/wp\/v2\/posts\/43943\/revisions"}],"predecessor-version":[{"id":43945,"href":"https:\/\/encuentroinformativo.com.mx\/index.php?rest_route=\/wp\/v2\/posts\/43943\/revisions\/43945"}],"wp:featuredmedia":[{"embeddable":true,"href":"https:\/\/encuentroinformativo.com.mx\/index.php?rest_route=\/wp\/v2\/media\/43944"}],"wp:attachment":[{"href":"https:\/\/encuentroinformativo.com.mx\/index.php?rest_route=%2Fwp%2Fv2%2Fmedia&parent=43943"}],"wp:term":[{"taxonomy":"category","embeddable":true,"href":"https:\/\/encuentroinformativo.com.mx\/index.php?rest_route=%2Fwp%2Fv2%2Fcategories&post=43943"},{"taxonomy":"post_tag","embeddable":true,"href":"https:\/\/encuentroinformativo.com.mx\/index.php?rest_route=%2Fwp%2Fv2%2Ftags&post=43943"}],"curies":[{"name":"wp","href":"https:\/\/api.w.org\/{rel}","templated":true}]}}