{"id":43946,"date":"2023-08-17T13:49:44","date_gmt":"2023-08-17T19:49:44","guid":{"rendered":"https:\/\/encuentroinformativo.com.mx\/?p=43946"},"modified":"2023-08-17T13:49:48","modified_gmt":"2023-08-17T19:49:48","slug":"poza-rica-no-es-foco-rojo-cuitlahuac-garcia","status":"publish","type":"post","link":"https:\/\/encuentroinformativo.com.mx\/?p=43946","title":{"rendered":"Poza Rica no es foco rojo: Cuitl\u00e1huac Garc\u00eda"},"content":{"rendered":"\n<p><strong>Dar\u00edo Pale <\/strong><\/p>\n\n\n\n<p>Xalapa, Ver.- El gobernador Cuitl\u00e1huac Garc\u00eda Jim\u00e9nez contin\u00faa minimizando los hechos delictivos que se est\u00e1n presentando en la zona de Poza Rica, ya que se\u00f1al\u00f3 que el cuerpo desmembrado que apareci\u00f3 hoy, dijo \u00fanicamente que fue un homicidio y que no dialoga con lonas.<\/p>\n\n\n\n<p>Entrevistado en Coatepec se\u00f1al\u00f3 que, fue falsa la noticia de que apareci\u00f3 un cuerpo en la carretera Poza Rica- Cazones, colindante con el municipio de Papantla y aclar\u00f3 que fue un homicidio que ya investiga la Fiscal\u00eda.<\/p>\n\n\n\n<p>&#8220;Es falso que en Poza Rica se haya encontrado un cuerpo, fue un homicidio&#8221;, se\u00f1al\u00f3.<\/p>\n\n\n\n<p>Adem\u00e1s de que, se neg\u00f3 a responder sobre las llamadas narcomantas que aparecieron en la zona norte.<\/p>\n\n\n\n<p>&#8220;Es falso que hayan aparecido cuerpos, es un homicidio. Yo no dialogo con narcomanta&#8221;.<\/p>\n\n\n\n<p>Resalt\u00f3 que se mantiene el reforzamiento de la seguridad en Poza Rica &#8220;el asunto es en Poza Rica y ah\u00ed tenemos 714 elementos de los tres niveles de gobierno&#8221;.<\/p>\n\n\n\n<p>Descart\u00f3 que Poza Rica sea foco rojo &#8220;est\u00e1 tranquilo y ya se reforz\u00f3 la seguridad&#8221;, adem\u00e1s dijo que en Poza Rica a\u00fan no se nombra al comandante de esa zona por parte de la Secretar\u00eda de Seguridad P\u00fablica.<\/p>\n\n\n\n<p>Por \u00faltimo dijo que, &#8220;est\u00e1 un encargado de despacho en Poza Rica, no se traguen esas mentiras&#8221;<\/p>\n","protected":false},"excerpt":{"rendered":"<p>Dar\u00edo Pale Xalapa, Ver.- El gobernador Cuitl\u00e1huac Garc\u00eda Jim\u00e9nez contin\u00faa minimizando los hechos delictivos que se est\u00e1n presentando en la zona de Poza Rica, ya que se\u00f1al\u00f3 que el cuerpo desmembrado que apareci\u00f3 hoy, dijo \u00fanicamente que fue un homicidio y que no dialoga con lonas. Entrevistado en Coatepec se\u00f1al\u00f3 que, fue falsa la noticia [&hellip;]<\/p>\n","protected":false},"author":2476,"featured_media":43947,"comment_status":"open","ping_status":"open","sticky":false,"template":"","format":"standard","meta":{"_jetpack_memberships_contains_paid_content":false,"footnotes":""},"categories":[2],"tags":[],"class_list":["post-43946","post","type-post","status-publish","format-standard","has-post-thumbnail","hentry","category-estado"],"jetpack_featured_media_url":"https:\/\/encuentroinformativo.com.mx\/wp-content\/uploads\/2023\/08\/IMG-20230817-WA0066.jpg","jetpack_sharing_enabled":true,"jetpack_likes_enabled":true,"amp_enabled":true,"_links":{"self":[{"href":"https:\/\/encuentroinformativo.com.mx\/index.php?rest_route=\/wp\/v2\/posts\/43946","targetHints":{"allow":["GET"]}}],"collection":[{"href":"https:\/\/encuentroinformativo.com.mx\/index.php?rest_route=\/wp\/v2\/posts"}],"about":[{"href":"https:\/\/encuentroinformativo.com.mx\/index.php?rest_route=\/wp\/v2\/types\/post"}],"author":[{"embeddable":true,"href":"https:\/\/encuentroinformativo.com.mx\/index.php?rest_route=\/wp\/v2\/users\/2476"}],"replies":[{"embeddable":true,"href":"https:\/\/encuentroinformativo.com.mx\/index.php?rest_route=%2Fwp%2Fv2%2Fcomments&post=43946"}],"version-history":[{"count":1,"href":"https:\/\/encuentroinformativo.com.mx\/index.php?rest_route=\/wp\/v2\/posts\/43946\/revisions"}],"predecessor-version":[{"id":43948,"href":"https:\/\/encuentroinformativo.com.mx\/index.php?rest_route=\/wp\/v2\/posts\/43946\/revisions\/43948"}],"wp:featuredmedia":[{"embeddable":true,"href":"https:\/\/encuentroinformativo.com.mx\/index.php?rest_route=\/wp\/v2\/media\/43947"}],"wp:attachment":[{"href":"https:\/\/encuentroinformativo.com.mx\/index.php?rest_route=%2Fwp%2Fv2%2Fmedia&parent=43946"}],"wp:term":[{"taxonomy":"category","embeddable":true,"href":"https:\/\/encuentroinformativo.com.mx\/index.php?rest_route=%2Fwp%2Fv2%2Fcategories&post=43946"},{"taxonomy":"post_tag","embeddable":true,"href":"https:\/\/encuentroinformativo.com.mx\/index.php?rest_route=%2Fwp%2Fv2%2Ftags&post=43946"}],"curies":[{"name":"wp","href":"https:\/\/api.w.org\/{rel}","templated":true}]}}