{"id":43955,"date":"2023-08-17T15:23:08","date_gmt":"2023-08-17T21:23:08","guid":{"rendered":"https:\/\/encuentroinformativo.com.mx\/?p=43955"},"modified":"2023-08-17T15:23:12","modified_gmt":"2023-08-17T21:23:12","slug":"recupera-gobierno-de-veracruz-casa-museo-de-agustin-lara","status":"publish","type":"post","link":"https:\/\/encuentroinformativo.com.mx\/?p=43955","title":{"rendered":"Recupera Gobierno de Veracruz Casa Museo de Agust\u00edn Lara"},"content":{"rendered":"\n<p><strong>Alejandro \u00c1vila<\/strong><\/p>\n\n\n\n<p>Veracruz, Ver.- El gobernador, Cuitl\u00e1huac Garc\u00eda Jim\u00e9nez, mencion\u00f3 que la Casa Museo de Agust\u00edn Lara, conocida como La Casita Blanca, ha sido recuperada en su totalidad por el Gobierno de Veracruz tras estar en manos de particulares.<\/p>\n\n\n\n<p>El Ejecutivo Estatal lament\u00f3 que a pesar de las negociaciones, nunca se pudo llegar a un acuerdo con los empresarios que ten\u00edan gran parte del inmueble en su poder; y expuso que, por esa situaci\u00f3n, no se hab\u00eda podido proyectar como se espera hacerlo en los pr\u00f3ximos meses.<\/p>\n\n\n\n<p>&#8220;Bueno, anunciarles que hemos logrado recuperar totalmente el inmueble, y que vamos a hacer muy pronto una inversi\u00f3n importante, a fin de que est\u00e9 en las condiciones m\u00e1s id\u00f3neas y que sea un punto de mucho orgullo para que los turistas puedan visitar a nuestro bello puerto. Ese museo va a ser completamente renovado&#8221;, resalt\u00f3.<\/p>\n\n\n\n<p>Este recinto ser\u00e1 parte clave del recorrido del nuevo Turibus que administrar\u00e1 la Secretar\u00eda de Turismo Federal y la empresa ADO.<\/p>\n\n\n\n<p>De la misma manera, el gobernador, Cuitl\u00e1huac Garc\u00eda Jim\u00e9nez anunci\u00f3 que se har\u00e1 una r\u00e9plica de la figura del compositor veracruzano, Agust\u00edn Lara.<\/p>\n","protected":false},"excerpt":{"rendered":"<p>Alejandro \u00c1vila Veracruz, Ver.- El gobernador, Cuitl\u00e1huac Garc\u00eda Jim\u00e9nez, mencion\u00f3 que la Casa Museo de Agust\u00edn Lara, conocida como La Casita Blanca, ha sido recuperada en su totalidad por el Gobierno de Veracruz tras estar en manos de particulares. El Ejecutivo Estatal lament\u00f3 que a pesar de las negociaciones, nunca se pudo llegar a un [&hellip;]<\/p>\n","protected":false},"author":2476,"featured_media":43956,"comment_status":"open","ping_status":"open","sticky":false,"template":"","format":"standard","meta":{"_jetpack_memberships_contains_paid_content":false,"footnotes":""},"categories":[2],"tags":[],"class_list":["post-43955","post","type-post","status-publish","format-standard","has-post-thumbnail","hentry","category-estado"],"jetpack_featured_media_url":"https:\/\/encuentroinformativo.com.mx\/wp-content\/uploads\/2023\/08\/IMG-20230817-WA0091.jpg","jetpack_sharing_enabled":true,"jetpack_likes_enabled":true,"amp_enabled":true,"_links":{"self":[{"href":"https:\/\/encuentroinformativo.com.mx\/index.php?rest_route=\/wp\/v2\/posts\/43955","targetHints":{"allow":["GET"]}}],"collection":[{"href":"https:\/\/encuentroinformativo.com.mx\/index.php?rest_route=\/wp\/v2\/posts"}],"about":[{"href":"https:\/\/encuentroinformativo.com.mx\/index.php?rest_route=\/wp\/v2\/types\/post"}],"author":[{"embeddable":true,"href":"https:\/\/encuentroinformativo.com.mx\/index.php?rest_route=\/wp\/v2\/users\/2476"}],"replies":[{"embeddable":true,"href":"https:\/\/encuentroinformativo.com.mx\/index.php?rest_route=%2Fwp%2Fv2%2Fcomments&post=43955"}],"version-history":[{"count":1,"href":"https:\/\/encuentroinformativo.com.mx\/index.php?rest_route=\/wp\/v2\/posts\/43955\/revisions"}],"predecessor-version":[{"id":43957,"href":"https:\/\/encuentroinformativo.com.mx\/index.php?rest_route=\/wp\/v2\/posts\/43955\/revisions\/43957"}],"wp:featuredmedia":[{"embeddable":true,"href":"https:\/\/encuentroinformativo.com.mx\/index.php?rest_route=\/wp\/v2\/media\/43956"}],"wp:attachment":[{"href":"https:\/\/encuentroinformativo.com.mx\/index.php?rest_route=%2Fwp%2Fv2%2Fmedia&parent=43955"}],"wp:term":[{"taxonomy":"category","embeddable":true,"href":"https:\/\/encuentroinformativo.com.mx\/index.php?rest_route=%2Fwp%2Fv2%2Fcategories&post=43955"},{"taxonomy":"post_tag","embeddable":true,"href":"https:\/\/encuentroinformativo.com.mx\/index.php?rest_route=%2Fwp%2Fv2%2Ftags&post=43955"}],"curies":[{"name":"wp","href":"https:\/\/api.w.org\/{rel}","templated":true}]}}