{"id":44,"date":"2020-02-24T16:19:39","date_gmt":"2020-02-24T16:19:39","guid":{"rendered":"https:\/\/encuentroinformativodotcomdotmx.wordpress.com\/2020\/02\/24\/detenciones-origen-de-enfrentamientos-gobernador\/"},"modified":"2020-03-04T08:42:46","modified_gmt":"2020-03-04T08:42:46","slug":"detenciones-origen-de-enfrentamientos-gobernador","status":"publish","type":"post","link":"https:\/\/encuentroinformativo.com.mx\/?p=44","title":{"rendered":"Detenciones, origen de enfrentamientos: Gobernador"},"content":{"rendered":"\n<p><strong>Dar\u00edo Pale<\/strong><\/p>\n\n\n\n<p>Xalapa, Ver.- El gobernador del estado Cuitl\u00e1huac Garc\u00eda Jim\u00e9nez dio a conocer que los ataques a los elementos policiacos en la ciudad de C\u00f3rdoba se debe a que est\u00e1n molestos por las detenciones que han realizado en los \u00faltimos d\u00edas.<\/p>\n\n\n\n<figure class=\"wp-block-image size-large\"><img loading=\"lazy\" decoding=\"async\" width=\"1024\" height=\"684\" src=\"https:\/\/encuentroinformativo.com.mx\/wp-content\/uploads\/2020\/02\/a5a060de-51bb-47de-a4ec-f76b3062be7a.jpg?w=1024\" alt=\"\" class=\"wp-image-43\" srcset=\"https:\/\/encuentroinformativo.com.mx\/wp-content\/uploads\/2020\/02\/a5a060de-51bb-47de-a4ec-f76b3062be7a.jpg 1024w, https:\/\/encuentroinformativo.com.mx\/wp-content\/uploads\/2020\/02\/a5a060de-51bb-47de-a4ec-f76b3062be7a-300x200.jpg 300w, https:\/\/encuentroinformativo.com.mx\/wp-content\/uploads\/2020\/02\/a5a060de-51bb-47de-a4ec-f76b3062be7a-768x513.jpg 768w\" sizes=\"auto, (max-width: 1024px) 100vw, 1024px\" \/><\/figure>\n\n\n\n<p>Entrevistado posterior a la conmemoraci\u00f3n del d\u00eda de la Bandera en el parque Ju\u00e1rez inform\u00f3 que una de las l\u00edneas de investigaci\u00f3n sobre los hechos est\u00e1n basada en el aseguramiento de una bodega que ten\u00eda veh\u00edculos de lujo con reporte de robo en la comunidad de San, Aparicio Buena Vista.<\/p>\n\n\n\n<p>\u201cNo permitiremos que la poblaci\u00f3n est\u00e9 en este tipo de zozobra por estos grupos delictivos, y cualquiera que sea su motivaci\u00f3n, para nosotros son transgresores de la ley, por lo tanto iremos tras ellos&#8221;, se\u00f1al\u00f3.<\/p>\n\n\n\n<p>No descart\u00f3 que la agresi\u00f3n a los cuerpos polic\u00edacos se haya dado derivado de la detenci\u00f3n de dos jefes de plaza que operan en esa zona.<br \/><\/p>\n\n\n\n<p>\u201cPero no hay ninguna guerra, fue un intento de agresi\u00f3n porque est\u00e1n molestos porque ac\u00e1 en este gobierno no hay pactos, se acabaron los pactos con los grupos delictivos (&#8230;) Andan un poco molestos, pero cualquier grupo o persona que atente contra la tranquilidad, la vida, tendr\u00e1 que atender lo que la ley dicta&#8221;, se\u00f1al\u00f3.<br \/><\/p>\n\n\n\n<p>Una de las l\u00edneas de investigaci\u00f3n podr\u00eda ser la detenci\u00f3n de algunos jefes de plaza de los dos grupos delictivos que merodean la zona (\u2026) No hay ninguna guerra, fue un intento de agresi\u00f3n porque est\u00e1n molestos porque en el actual Gobierno ya no hay pactos con los grupos delictivos\u201d, agreg\u00f3.<br \/><\/p>\n\n\n\n<p>Se\u00f1al\u00f3 que hay dos detenidos por estos hechos en los que resultaron cuatro polic\u00edas asesinados, adem\u00e1s de que fueron asegurados cuatro autom\u00f3viles que est\u00e1n en manos del Ministerio P\u00fablico.<\/p>\n\n\n\n<p>As\u00ed mismo, reiter\u00f3 que estos hechos fueron \u201caislados\u201d, aunque el operativo de seguridad contin\u00faa y se tienen identificados a los agresores que se enfrentaron a la polic\u00eda en varios puntos de C\u00f3rdoba.<\/p>\n\n\n\n<p>\u201cLamentamos la perdida de vidas humanas, fue una agresi\u00f3n artera y no vamos a permitir que la poblaci\u00f3n est\u00e9 sometida a la zozobra por estos grupos delictivos, son transgresores de la ley y por lo tanto iremos tras ellos\u201d.<\/p>\n\n\n\n<p>Hay que recordar que este fin de semana, fueron asesinados cuatro elementos de la SSP quienes se encontraban laborando en un ret\u00e9n de la zona C\u00f3rdoba-Fort\u00edn.<\/p>\n","protected":false},"excerpt":{"rendered":"<p>Dar\u00edo Pale Xalapa, Ver.- El gobernador del estado Cuitl\u00e1huac Garc\u00eda Jim\u00e9nez dio a conocer que los ataques a los elementos policiacos en la ciudad de C\u00f3rdoba se debe a que est\u00e1n molestos por las detenciones que han realizado en los \u00faltimos d\u00edas. Entrevistado posterior a la conmemoraci\u00f3n del d\u00eda de la Bandera en el parque [&hellip;]<\/p>\n","protected":false},"author":1,"featured_media":43,"comment_status":"open","ping_status":"open","sticky":false,"template":"","format":"standard","meta":{"_jetpack_memberships_contains_paid_content":false,"footnotes":""},"categories":[2],"tags":[],"class_list":["post-44","post","type-post","status-publish","format-standard","has-post-thumbnail","hentry","category-estado"],"jetpack_featured_media_url":"https:\/\/encuentroinformativo.com.mx\/wp-content\/uploads\/2020\/02\/a5a060de-51bb-47de-a4ec-f76b3062be7a.jpg","jetpack_sharing_enabled":true,"jetpack_likes_enabled":true,"amp_enabled":true,"_links":{"self":[{"href":"https:\/\/encuentroinformativo.com.mx\/index.php?rest_route=\/wp\/v2\/posts\/44","targetHints":{"allow":["GET"]}}],"collection":[{"href":"https:\/\/encuentroinformativo.com.mx\/index.php?rest_route=\/wp\/v2\/posts"}],"about":[{"href":"https:\/\/encuentroinformativo.com.mx\/index.php?rest_route=\/wp\/v2\/types\/post"}],"author":[{"embeddable":true,"href":"https:\/\/encuentroinformativo.com.mx\/index.php?rest_route=\/wp\/v2\/users\/1"}],"replies":[{"embeddable":true,"href":"https:\/\/encuentroinformativo.com.mx\/index.php?rest_route=%2Fwp%2Fv2%2Fcomments&post=44"}],"version-history":[{"count":1,"href":"https:\/\/encuentroinformativo.com.mx\/index.php?rest_route=\/wp\/v2\/posts\/44\/revisions"}],"predecessor-version":[{"id":380,"href":"https:\/\/encuentroinformativo.com.mx\/index.php?rest_route=\/wp\/v2\/posts\/44\/revisions\/380"}],"wp:featuredmedia":[{"embeddable":true,"href":"https:\/\/encuentroinformativo.com.mx\/index.php?rest_route=\/wp\/v2\/media\/43"}],"wp:attachment":[{"href":"https:\/\/encuentroinformativo.com.mx\/index.php?rest_route=%2Fwp%2Fv2%2Fmedia&parent=44"}],"wp:term":[{"taxonomy":"category","embeddable":true,"href":"https:\/\/encuentroinformativo.com.mx\/index.php?rest_route=%2Fwp%2Fv2%2Fcategories&post=44"},{"taxonomy":"post_tag","embeddable":true,"href":"https:\/\/encuentroinformativo.com.mx\/index.php?rest_route=%2Fwp%2Fv2%2Ftags&post=44"}],"curies":[{"name":"wp","href":"https:\/\/api.w.org\/{rel}","templated":true}]}}