{"id":44013,"date":"2023-08-18T13:57:47","date_gmt":"2023-08-18T19:57:47","guid":{"rendered":"https:\/\/encuentroinformativo.com.mx\/?p=44013"},"modified":"2023-08-18T13:57:51","modified_gmt":"2023-08-18T19:57:51","slug":"libros-de-texto-se-han-politizado-martin-aguilar","status":"publish","type":"post","link":"https:\/\/encuentroinformativo.com.mx\/?p=44013","title":{"rendered":"Libros de texto se han politizado: Mart\u00edn Aguilar"},"content":{"rendered":"\n<p><strong>Dar\u00edo Pale <\/strong><\/p>\n\n\n\n<p>Xalapa, Ver.- Los libros de texto gratuitos est\u00e1n bien, no hay que politizar el tema, adem\u00e1s de que esta bien que no se busque una educaci\u00f3n &#8220;tan exactamente libresca&#8221;,  se\u00f1al\u00f3 el rector de la Universidad Veracruzana, Mart\u00edn Aguilar S\u00e1nchez.<\/p>\n\n\n\n<p>En entrevista opin\u00f3 que los libros de texto gratuitos para el nivel de educaci\u00f3n b\u00e1sica est\u00e1n bien, ya que al revisar los libros de texto que han tenido muchas cr\u00edticas por la imprecisi\u00f3n en muchos datos; mencion\u00f3 que en su \u00e9poca los libros de texto conten\u00edan una visi\u00f3n nacionalista.<\/p>\n\n\n\n<p>&#8220;Yo tengo una idea un poco diferente. Yo al revisar los libros lo que encontr\u00e9&#8230;en mi \u00e9poca me form\u00e9 con libros de texto que ten\u00edan realmente una perspectiva como muy clara y en ese momento era una perspectiva nacionalista&#8221;, se\u00f1al\u00f3.<\/p>\n\n\n\n<p>&#8220;La calidad implicaba una serie de proyectos, entonces pasamos generaciones as\u00ed. Ahora con esta reforma que he estado revisando es un paso interesante \u00a0en t\u00e9rminos de los proyectos que se plantean para que los estudiantes ya no sea una educaci\u00f3n tan exactamente libresca&#8221;, agreg\u00f3.<\/p>\n\n\n\n<p>En ese sentido, coment\u00f3 que eso puede ser muy bueno, sin embargo, consider\u00f3 que probablemente se tienen que hacer ajustes ante los errores que se han estado se\u00f1alando.<\/p>\n\n\n\n<p>&#8220;Se tienen que hacer (correcciones), pero yo creo que no habr\u00eda que politizar el tema con respecto a los libros de texto&#8221;, indic\u00f3.<\/p>\n\n\n\n<p>Fue as\u00ed que reiter\u00f3 que en lo que tiene que ver con los proyectos los libros de texto gratuitos est\u00e1n bien le parecen interesantes, aunque reiter\u00f3 que tienen que hacer los ajustes necesarios a los errores.<\/p>\n\n\n\n<p>En otro orden de ideas en cuanto al recrudecimiento de la violencia en algunas zonas del Estado como Poza Rica y la zona centro, el rector de la UV, defini\u00f3 que han tomado medidas para evitar que los estudiantes corran riesgos, aunque el llamado de la Casa de Estudios es a incrementar la cultura de paz.<\/p>\n\n\n\n<p>Record\u00f3 que existen convenios de coordinaci\u00f3n con la Secretar\u00eda de Seguridad P\u00fablica y est\u00e1n en permanente contacto en cada una de las regiones, adem\u00e1s que cuentan con vigilancia privada.<\/p>\n\n\n\n<p>Dijo que tambi\u00e9n est\u00e1n tomando medidas preventivas para evitar alguna situaci\u00f3n de riesgo para los estudiantes, pero aclar\u00f3 que son medidas que ya se ven\u00edan tomando con anterioridad, como el cambio de horario para que no salgan tan noche, es decir, si antes sal\u00edan a las 10 de la noche, ahora lo pueden hacer a las 7 cuando mucho.<\/p>\n\n\n\n<p>En el caso de la regi\u00f3n de Poza Rica donde la violencia no ha frenado desde diciembre del a\u00f1o pasado, dijo que ha tenido comunicaci\u00f3n con la vicerrectora para que tenga todos los elementos de precauci\u00f3n y prevenci\u00f3n.<\/p>\n\n\n\n<p>&#8220;Hasta ahorita no hemos tenido ning\u00fan problema&#8230; hay actividades normales en Poza Rica, lo que s\u00ed les dijimos es que tomaran las precauciones necesarias para que no fuera a haber alguna repercusi\u00f3n de algunos acontecimientos&#8221;, coment\u00f3.<\/p>\n\n\n\n<p>Record\u00f3 que con base en la Ley General de Educaci\u00f3n Superior, el Consejo General Universitario acord\u00f3 implementar un programa de Cultura de Paz de la Casa de Estudios.<\/p>\n\n\n\n<p>&#8220;Para nosotros es muy importante que al interior de nuestra universidad tengamos un ambiente adecuado de cultura de paz, con perspectiva de g\u00e9nero, porque eso nos ayuda a que la vinculaci\u00f3n que tenemos, propongamos todos estos h\u00e1bitos y pr\u00e1cticas que tenemos en la Universidad&#8221;, inform\u00f3.<\/p>\n\n\n\n<p>&#8220;Nuestro posicionamiento es por la paz, por una cultura de paz, por generar, construir y reforzar lo que todas las redes sociales y la red social de nuestra universidad el tejido social, apoyar que todo esto se siga reconstruyendo&#8221;, manifest\u00f3.<\/p>\n\n\n\n<p>Por \u00faltimo trajo a colaci\u00f3n la noticia sobre la disminuci\u00f3n de 5 millones de mexicanos de la pobreza extrema, ya que eso da elementos para reconstruir el tejido social que ha sido muy afectado hist\u00f3ricamente en nuestro pa\u00eds.<\/p>\n","protected":false},"excerpt":{"rendered":"<p>Dar\u00edo Pale Xalapa, Ver.- Los libros de texto gratuitos est\u00e1n bien, no hay que politizar el tema, adem\u00e1s de que esta bien que no se busque una educaci\u00f3n &#8220;tan exactamente libresca&#8221;, se\u00f1al\u00f3 el rector de la Universidad Veracruzana, Mart\u00edn Aguilar S\u00e1nchez. En entrevista opin\u00f3 que los libros de texto gratuitos para el nivel de educaci\u00f3n [&hellip;]<\/p>\n","protected":false},"author":2476,"featured_media":44014,"comment_status":"open","ping_status":"open","sticky":false,"template":"","format":"standard","meta":{"_jetpack_memberships_contains_paid_content":false,"footnotes":""},"categories":[2],"tags":[],"class_list":["post-44013","post","type-post","status-publish","format-standard","has-post-thumbnail","hentry","category-estado"],"jetpack_featured_media_url":"https:\/\/encuentroinformativo.com.mx\/wp-content\/uploads\/2023\/08\/IMG-20230818-WA00692.jpg","jetpack_sharing_enabled":true,"jetpack_likes_enabled":true,"amp_enabled":true,"_links":{"self":[{"href":"https:\/\/encuentroinformativo.com.mx\/index.php?rest_route=\/wp\/v2\/posts\/44013","targetHints":{"allow":["GET"]}}],"collection":[{"href":"https:\/\/encuentroinformativo.com.mx\/index.php?rest_route=\/wp\/v2\/posts"}],"about":[{"href":"https:\/\/encuentroinformativo.com.mx\/index.php?rest_route=\/wp\/v2\/types\/post"}],"author":[{"embeddable":true,"href":"https:\/\/encuentroinformativo.com.mx\/index.php?rest_route=\/wp\/v2\/users\/2476"}],"replies":[{"embeddable":true,"href":"https:\/\/encuentroinformativo.com.mx\/index.php?rest_route=%2Fwp%2Fv2%2Fcomments&post=44013"}],"version-history":[{"count":1,"href":"https:\/\/encuentroinformativo.com.mx\/index.php?rest_route=\/wp\/v2\/posts\/44013\/revisions"}],"predecessor-version":[{"id":44015,"href":"https:\/\/encuentroinformativo.com.mx\/index.php?rest_route=\/wp\/v2\/posts\/44013\/revisions\/44015"}],"wp:featuredmedia":[{"embeddable":true,"href":"https:\/\/encuentroinformativo.com.mx\/index.php?rest_route=\/wp\/v2\/media\/44014"}],"wp:attachment":[{"href":"https:\/\/encuentroinformativo.com.mx\/index.php?rest_route=%2Fwp%2Fv2%2Fmedia&parent=44013"}],"wp:term":[{"taxonomy":"category","embeddable":true,"href":"https:\/\/encuentroinformativo.com.mx\/index.php?rest_route=%2Fwp%2Fv2%2Fcategories&post=44013"},{"taxonomy":"post_tag","embeddable":true,"href":"https:\/\/encuentroinformativo.com.mx\/index.php?rest_route=%2Fwp%2Fv2%2Ftags&post=44013"}],"curies":[{"name":"wp","href":"https:\/\/api.w.org\/{rel}","templated":true}]}}