{"id":44016,"date":"2023-08-18T14:08:28","date_gmt":"2023-08-18T20:08:28","guid":{"rendered":"https:\/\/encuentroinformativo.com.mx\/?p=44016"},"modified":"2023-08-18T14:08:31","modified_gmt":"2023-08-18T20:08:31","slug":"a-pesar-de-hechos-violentos-homicidios-van-a-la-baja-afirma-gobernador","status":"publish","type":"post","link":"https:\/\/encuentroinformativo.com.mx\/?p=44016","title":{"rendered":"A pesar de hechos violentos; homicidios van a la baja, afirma Gobernador"},"content":{"rendered":"\n<p><strong>Dar\u00edo Pale <\/strong><\/p>\n\n\n\n<p>Xalapa, Ver.- El gobernador Cuitl\u00e1huac Garc\u00eda Jim\u00e9nez, dio a conocer que a pesar de los hechos que se han registrado en estos d\u00edas &#8220;estamos muy por debajo, comparado con Chihuahua, Guanajuato y Jalisco&#8221;.<\/p>\n\n\n\n<p>En conferencia de prensa, inform\u00f3 que la Fiscal\u00eda general del estado, ya investiga la aparici\u00f3n de cuerpos en la zona centro del estado y la l\u00ednea tiene que ver con grupos delincuenciales.<\/p>\n\n\n\n<p>Al ser cuestionado acerca del hallazgo este jueves donde \u00a0dejaron un cuerpo cercenado y una cabeza colgando de un puente sobre la autopista Orizaba- Maltrata, que se ubica poco antes de llegar a las instalaciones de la delegaci\u00f3n de Seguridad P\u00fablica, base Colorines y del edificio del Servicio M\u00e9dico Forense.<\/p>\n\n\n\n<p>En ese sentido, precis\u00f3 que se tiene esa l\u00ednea de Investigaci\u00f3n que es la disputa entre grupos delincuenciales.<\/p>\n\n\n\n<p>A pesar de los hechos, el gobernador Cuitl\u00e1huac Garc\u00eda Jim\u00e9nez, se\u00f1al\u00f3 que los homicidios van a la baja de manera radical y se comenten menos en en otras entidades por lo que resalt\u00f3 \u00a0que Veracruz est\u00e1 por debajo de la media nacional en homicidios diarios.<\/p>\n\n\n\n<p>Finalmente se\u00f1al\u00f3 que, &#8220;estamos muy por debajo, comparado con Chihuahua, Guanajuato y Jalisco&#8221;, por lo que precis\u00f3 que mantiene el reforzamiento de seguridad en Poza Rica.<\/p>\n","protected":false},"excerpt":{"rendered":"<p>Dar\u00edo Pale Xalapa, Ver.- El gobernador Cuitl\u00e1huac Garc\u00eda Jim\u00e9nez, dio a conocer que a pesar de los hechos que se han registrado en estos d\u00edas &#8220;estamos muy por debajo, comparado con Chihuahua, Guanajuato y Jalisco&#8221;. En conferencia de prensa, inform\u00f3 que la Fiscal\u00eda general del estado, ya investiga la aparici\u00f3n de cuerpos en la zona [&hellip;]<\/p>\n","protected":false},"author":2476,"featured_media":44017,"comment_status":"open","ping_status":"open","sticky":false,"template":"","format":"standard","meta":{"_jetpack_memberships_contains_paid_content":false,"footnotes":""},"categories":[2],"tags":[],"class_list":["post-44016","post","type-post","status-publish","format-standard","has-post-thumbnail","hentry","category-estado"],"jetpack_featured_media_url":"https:\/\/encuentroinformativo.com.mx\/wp-content\/uploads\/2023\/08\/IMG-20230818-WA00702.jpg","jetpack_sharing_enabled":true,"jetpack_likes_enabled":true,"amp_enabled":true,"_links":{"self":[{"href":"https:\/\/encuentroinformativo.com.mx\/index.php?rest_route=\/wp\/v2\/posts\/44016","targetHints":{"allow":["GET"]}}],"collection":[{"href":"https:\/\/encuentroinformativo.com.mx\/index.php?rest_route=\/wp\/v2\/posts"}],"about":[{"href":"https:\/\/encuentroinformativo.com.mx\/index.php?rest_route=\/wp\/v2\/types\/post"}],"author":[{"embeddable":true,"href":"https:\/\/encuentroinformativo.com.mx\/index.php?rest_route=\/wp\/v2\/users\/2476"}],"replies":[{"embeddable":true,"href":"https:\/\/encuentroinformativo.com.mx\/index.php?rest_route=%2Fwp%2Fv2%2Fcomments&post=44016"}],"version-history":[{"count":1,"href":"https:\/\/encuentroinformativo.com.mx\/index.php?rest_route=\/wp\/v2\/posts\/44016\/revisions"}],"predecessor-version":[{"id":44018,"href":"https:\/\/encuentroinformativo.com.mx\/index.php?rest_route=\/wp\/v2\/posts\/44016\/revisions\/44018"}],"wp:featuredmedia":[{"embeddable":true,"href":"https:\/\/encuentroinformativo.com.mx\/index.php?rest_route=\/wp\/v2\/media\/44017"}],"wp:attachment":[{"href":"https:\/\/encuentroinformativo.com.mx\/index.php?rest_route=%2Fwp%2Fv2%2Fmedia&parent=44016"}],"wp:term":[{"taxonomy":"category","embeddable":true,"href":"https:\/\/encuentroinformativo.com.mx\/index.php?rest_route=%2Fwp%2Fv2%2Fcategories&post=44016"},{"taxonomy":"post_tag","embeddable":true,"href":"https:\/\/encuentroinformativo.com.mx\/index.php?rest_route=%2Fwp%2Fv2%2Ftags&post=44016"}],"curies":[{"name":"wp","href":"https:\/\/api.w.org\/{rel}","templated":true}]}}