{"id":44019,"date":"2023-08-18T14:15:18","date_gmt":"2023-08-18T20:15:18","guid":{"rendered":"https:\/\/encuentroinformativo.com.mx\/?p=44019"},"modified":"2023-08-18T14:15:22","modified_gmt":"2023-08-18T20:15:22","slug":"confia-cometur-que-proyecto-turibus-impulse-apertura-de-baluarte-de-santiago","status":"publish","type":"post","link":"https:\/\/encuentroinformativo.com.mx\/?p=44019","title":{"rendered":"Conf\u00eda COMETUR que proyecto Turibus impulse apertura de Baluarte de Santiago"},"content":{"rendered":"\n<p><strong>Alejandro \u00c1vila<\/strong><\/p>\n\n\n\n<p>Veracruz, Ver.- El presidente del Consejo Metropolitano de Turismo (COMETUR), Sergio Lois Heredia, mencion\u00f3 que con el nuevo proyecto de Turibus &#8211; Armada de M\u00e9xico, se pueda finalmente reabrir al p\u00fablico el Baluarte de Santiago.<\/p>\n\n\n\n<p>Es de recordar que el monumento hist\u00f3rico fue cerrado en abril del 2017 para su remodelaci\u00f3n, y a poco m\u00e1s de 6 a\u00f1os no ha vuelto a abrir sus puertas al p\u00fablico en general.<\/p>\n\n\n\n<p>&#8220;Me da mucho gusto, celebro que vaya a estar el Turibus, que vaya a estar parado en los sitios hist\u00f3ricos de Veracruz, y que el hecho de que vaya a estar parando en los diferentes sitios hist\u00f3ricos de Veracruz, haga que esos diversos sitios hist\u00f3ricos puedan empezar a recibir m\u00e1s atenci\u00f3n por parte de los turistas pero tambi\u00e9n por parte de los mismos veracruzanos. Si una de las paradas es por ejemplo, el Baluarte de Santiago, pues que ojal\u00e1 pronto los turistas puedan tomarse fotos, puedan entrar al Baluarte de Santiago, conocerlo, porque es parte importante de la historia. No s\u00e9 las paradas, pero si llega a parar en el Faro de Benito Ju\u00e1rez, que se menciona la historia de este Faro, que es lo que pas\u00f3 y todo, ah\u00ed s\u00ed pueden entrar incluso, creo que va a hacer algo muy importante para que el turista pueda, no solo escuchar de la historia de Veracruz, sino sentir m\u00e1s y vivir m\u00e1s la historia de Veracruz&#8221;, subray\u00f3.<\/p>\n\n\n\n<p>Sergio Lois dijo que este es un producto que existe en las ciudades tur\u00edsticas m\u00e1s importantes del mundo, y cat\u00e1logo como un acierto el abrir una ruta de este tipo en el Centro Hist\u00f3rico de Veracruz puerto.<\/p>\n\n\n\n<p>&#8220;Muchas personas cuando llegan es lo primero que hacen para ver todo lo que hay en la ciudad y elegir a donde quieren ir. Por ejemplo, llegas y conoces la ciudad, nosotros podemos conocerla, pero el turista llega y no la conoce al cien por ciento. Entonces que el Turibus ya vaya a funcionar como tal, como un Turibus que pueda subirte y bajarte en los puntos de inter\u00e9s, que vaya teniendo paradas y todo esto, creo que es un producto que va a tener mucha aceptaci\u00f3n en los turistas&#8221;, culmin\u00f3.<\/p>\n","protected":false},"excerpt":{"rendered":"<p>Alejandro \u00c1vila Veracruz, Ver.- El presidente del Consejo Metropolitano de Turismo (COMETUR), Sergio Lois Heredia, mencion\u00f3 que con el nuevo proyecto de Turibus &#8211; Armada de M\u00e9xico, se pueda finalmente reabrir al p\u00fablico el Baluarte de Santiago. Es de recordar que el monumento hist\u00f3rico fue cerrado en abril del 2017 para su remodelaci\u00f3n, y a [&hellip;]<\/p>\n","protected":false},"author":2476,"featured_media":44020,"comment_status":"open","ping_status":"open","sticky":false,"template":"","format":"standard","meta":{"_jetpack_memberships_contains_paid_content":false,"footnotes":""},"categories":[2],"tags":[],"class_list":["post-44019","post","type-post","status-publish","format-standard","has-post-thumbnail","hentry","category-estado"],"jetpack_featured_media_url":"https:\/\/encuentroinformativo.com.mx\/wp-content\/uploads\/2023\/08\/IMG-20230818-WA0091.jpg","jetpack_sharing_enabled":true,"jetpack_likes_enabled":true,"amp_enabled":true,"_links":{"self":[{"href":"https:\/\/encuentroinformativo.com.mx\/index.php?rest_route=\/wp\/v2\/posts\/44019","targetHints":{"allow":["GET"]}}],"collection":[{"href":"https:\/\/encuentroinformativo.com.mx\/index.php?rest_route=\/wp\/v2\/posts"}],"about":[{"href":"https:\/\/encuentroinformativo.com.mx\/index.php?rest_route=\/wp\/v2\/types\/post"}],"author":[{"embeddable":true,"href":"https:\/\/encuentroinformativo.com.mx\/index.php?rest_route=\/wp\/v2\/users\/2476"}],"replies":[{"embeddable":true,"href":"https:\/\/encuentroinformativo.com.mx\/index.php?rest_route=%2Fwp%2Fv2%2Fcomments&post=44019"}],"version-history":[{"count":1,"href":"https:\/\/encuentroinformativo.com.mx\/index.php?rest_route=\/wp\/v2\/posts\/44019\/revisions"}],"predecessor-version":[{"id":44021,"href":"https:\/\/encuentroinformativo.com.mx\/index.php?rest_route=\/wp\/v2\/posts\/44019\/revisions\/44021"}],"wp:featuredmedia":[{"embeddable":true,"href":"https:\/\/encuentroinformativo.com.mx\/index.php?rest_route=\/wp\/v2\/media\/44020"}],"wp:attachment":[{"href":"https:\/\/encuentroinformativo.com.mx\/index.php?rest_route=%2Fwp%2Fv2%2Fmedia&parent=44019"}],"wp:term":[{"taxonomy":"category","embeddable":true,"href":"https:\/\/encuentroinformativo.com.mx\/index.php?rest_route=%2Fwp%2Fv2%2Fcategories&post=44019"},{"taxonomy":"post_tag","embeddable":true,"href":"https:\/\/encuentroinformativo.com.mx\/index.php?rest_route=%2Fwp%2Fv2%2Ftags&post=44019"}],"curies":[{"name":"wp","href":"https:\/\/api.w.org\/{rel}","templated":true}]}}