{"id":44026,"date":"2023-08-18T14:34:54","date_gmt":"2023-08-18T20:34:54","guid":{"rendered":"https:\/\/encuentroinformativo.com.mx\/?p=44026"},"modified":"2023-08-18T14:34:58","modified_gmt":"2023-08-18T20:34:58","slug":"niega-cuitlahuac-garcia-desvio-de-recursos-a-favor-de-corcholatas","status":"publish","type":"post","link":"https:\/\/encuentroinformativo.com.mx\/?p=44026","title":{"rendered":"Niega Cuitl\u00e1huac Garc\u00eda desv\u00edo de recursos a favor de &#8220;corcholatas&#8221;"},"content":{"rendered":"\n<p><strong>Dar\u00edo Pale <\/strong><\/p>\n\n\n\n<p>Xalapa, Ver.- Debido a las denuncias \u00a0que realiz\u00f3 Marcelo Ebrard el gobernador Cuitlahuac Garc\u00eda Jim\u00e9nez asegur\u00f3 que en Veracruz se respetan las reglas internas de MORENA y asegur\u00f3 que por parte de su gobierno han cumplido en respetar las reglas del proceso interno, adem\u00e1s rechazo que se desv\u00eden recursos p\u00fablicos para los eventos pol\u00edticos.<\/p>\n\n\n\n<p>En conferencia de prensa se\u00f1al\u00f3 que &#8220;ha cumplido en respetar las reglas del proceso interno de su partido de cara a la encuesta para designar al coordinador de los Comit\u00e9s de Defensa de la Cuarta Transformaci\u00f3n&#8221;.<\/p>\n\n\n\n<p>&#8220;Yo me compromet\u00ed p\u00fablicamente y el presidente lo reitero en la ma\u00f1ana. Nosotros firmamos un documento en donde se hace extensivo a subsecretarios para que no se metan en el proceso interno&#8221;, se\u00f1al\u00f3.<\/p>\n\n\n\n<p>Ante las quejas del equipo de Marcelo Ebrard Casaubon de que gobernadores morenistas estar\u00edan operando a favor de Claudia Sheinbaum Pardo, el gobernador Cuitl\u00e1huac Garc\u00eda Jim\u00e9nez dej\u00f3 en claro que no puede prohibir la asistencia solo de funcionarios de nivel medio a mitines pol\u00edticos de cualquiera de las llamadas &#8220;corcholatas&#8221;.<\/p>\n\n\n\n<p>&#8220;No me siento con derecho a imponer a alguien cuyo derecho constitucional de aspirar a lo que \u00a0desea aspirar, \u00a0como la Constituci\u00f3n se lo permite&#8221;, coment\u00f3.<\/p>\n\n\n\n<p>De ah\u00ed que rechazo que se desv\u00eden recursos p\u00fablicos para los eventos pol\u00edticos, &#8220;puedes invitar a quien gustes, pero no involucrar recursos p\u00fablicos, pueden hacerse la cooperacha&#8221;.<\/p>\n\n\n\n<p>Lanz\u00f3 un llamado a los Secretarios y Subsecretarios a que no pueden estar presentes en un acto pol\u00edtico porque me compromet\u00ed, &#8220;yo con mi firma, ya lo dem\u00e1s hacerle la observaci\u00f3n de no utilizar recursos p\u00fablicos&#8221;.<\/p>\n\n\n\n<p>Por \u00faltimo cabe recordar que las corcholatas de MORENA definir\u00e1n sus destinos el pr\u00f3ximo 6 de septiembre, cuando el ganador de las encuestas se d\u00e9 a conocer.<\/p>\n","protected":false},"excerpt":{"rendered":"<p>Dar\u00edo Pale Xalapa, Ver.- Debido a las denuncias \u00a0que realiz\u00f3 Marcelo Ebrard el gobernador Cuitlahuac Garc\u00eda Jim\u00e9nez asegur\u00f3 que en Veracruz se respetan las reglas internas de MORENA y asegur\u00f3 que por parte de su gobierno han cumplido en respetar las reglas del proceso interno, adem\u00e1s rechazo que se desv\u00eden recursos p\u00fablicos para los eventos [&hellip;]<\/p>\n","protected":false},"author":2476,"featured_media":3816,"comment_status":"open","ping_status":"open","sticky":false,"template":"","format":"standard","meta":{"_jetpack_memberships_contains_paid_content":false,"footnotes":""},"categories":[2],"tags":[],"class_list":["post-44026","post","type-post","status-publish","format-standard","has-post-thumbnail","hentry","category-estado"],"jetpack_featured_media_url":"https:\/\/encuentroinformativo.com.mx\/wp-content\/uploads\/2020\/07\/55C2291E-DE47-4B1B-8EC9-1B6D4DF89793.jpeg","jetpack_sharing_enabled":true,"jetpack_likes_enabled":true,"amp_enabled":true,"_links":{"self":[{"href":"https:\/\/encuentroinformativo.com.mx\/index.php?rest_route=\/wp\/v2\/posts\/44026","targetHints":{"allow":["GET"]}}],"collection":[{"href":"https:\/\/encuentroinformativo.com.mx\/index.php?rest_route=\/wp\/v2\/posts"}],"about":[{"href":"https:\/\/encuentroinformativo.com.mx\/index.php?rest_route=\/wp\/v2\/types\/post"}],"author":[{"embeddable":true,"href":"https:\/\/encuentroinformativo.com.mx\/index.php?rest_route=\/wp\/v2\/users\/2476"}],"replies":[{"embeddable":true,"href":"https:\/\/encuentroinformativo.com.mx\/index.php?rest_route=%2Fwp%2Fv2%2Fcomments&post=44026"}],"version-history":[{"count":1,"href":"https:\/\/encuentroinformativo.com.mx\/index.php?rest_route=\/wp\/v2\/posts\/44026\/revisions"}],"predecessor-version":[{"id":44027,"href":"https:\/\/encuentroinformativo.com.mx\/index.php?rest_route=\/wp\/v2\/posts\/44026\/revisions\/44027"}],"wp:featuredmedia":[{"embeddable":true,"href":"https:\/\/encuentroinformativo.com.mx\/index.php?rest_route=\/wp\/v2\/media\/3816"}],"wp:attachment":[{"href":"https:\/\/encuentroinformativo.com.mx\/index.php?rest_route=%2Fwp%2Fv2%2Fmedia&parent=44026"}],"wp:term":[{"taxonomy":"category","embeddable":true,"href":"https:\/\/encuentroinformativo.com.mx\/index.php?rest_route=%2Fwp%2Fv2%2Fcategories&post=44026"},{"taxonomy":"post_tag","embeddable":true,"href":"https:\/\/encuentroinformativo.com.mx\/index.php?rest_route=%2Fwp%2Fv2%2Ftags&post=44026"}],"curies":[{"name":"wp","href":"https:\/\/api.w.org\/{rel}","templated":true}]}}