{"id":4403,"date":"2020-07-26T13:27:13","date_gmt":"2020-07-26T18:27:13","guid":{"rendered":"https:\/\/encuentroinformativo.com\/?p=4403"},"modified":"2020-07-26T13:27:44","modified_gmt":"2020-07-26T18:27:44","slug":"el-lenguaje-de-los-lideres","status":"publish","type":"post","link":"https:\/\/encuentroinformativo.com.mx\/?p=4403","title":{"rendered":"El lenguaje de los l\u00edderes"},"content":{"rendered":"\n<p><strong>Zaira Rosas<\/strong><\/p>\n\n\n\n<p>Todo comunica, nuestra manera de hablar, los silencios, la ropa, los colores, los movimientos o la falta de los mismos. Las palabras son clave para entendernos, pero para algunos especialistas las palabras representan menos del 10% del impacto que causa un mensaje. Lo m\u00e1s importante est\u00e1 en el lenguaje no verbal. De ah\u00ed que existan refranes dando prioridad a las acciones por encima de las palabras. Los sucesos m\u00e1s impactantes de la historia han quedado plasmados en posiciones espec\u00edficas, l\u00edderes haciendo ciertos ademanes o movimientos, las palabras pueden cambiar con el tiempo, pero la fuerza que tuvieron al alzar un brazo ante su p\u00fablico y sus distintas posturas est\u00e1n inmortalizadas en m\u00faltiples obras de arte.<\/p>\n\n\n\n<p>Las posturas que adoptamos demuestran qui\u00e9nes somos, c\u00f3mo nos sentimos e incluso influyen en c\u00f3mo reaccionan los dem\u00e1s ante nosotros. En una entrevista de trabajo&nbsp;uno de los principales aspectos que los empleadores califican es la percepci\u00f3n que tienen del entrevistado seg\u00fan la apropiaci\u00f3n del espacio. Lo mismo pasa en el d\u00eda a d\u00eda con el resto de personas. De acuerdo a especialistas como Amy Cuddy el cuerpo comunica. Ella se ha dedicado a estudiar las posturas de poder, el lenguaje no verbal de l\u00edderes y personajes a lo largo de la historia. Y ha demostrado que,&nbsp;aunque estas posturas puedan ser fingidas tienen impacto en la mente de las personas.<\/p>\n\n\n\n<p>Si hacemos un an\u00e1lisis de lo ocurrido en los \u00faltimos d\u00edas hay infinidad de mensajes que podr\u00edamos estudiar, por eso el fotoperiodismo es tan interesante porque nos permite ver instantes de lo que ocurre&nbsp;y plasmarlos para la posteridad. Recientemente se public\u00f3 un an\u00e1lisis de las estad\u00edsticas de COVID-19 en pa\u00edses donde los dirigentes no usaban cubrebocas. Quiz\u00e1s coincidentemente los n\u00fameros de afectados son mayores justo donde sus dirigentes no ponen el ejemplo. M\u00e9xico ha debatido constantemente el tema, AMLO ha sido portadas internacionales desde el principio de la pandemia gracias a sus declaraciones, acciones y decisiones. Las \u00faltimas fueron que no estaba demostrado cient\u00edficamente que el cubrebocas ayude, incluso se\u00f1al\u00f3 que expertos como Hugo L\u00f3pez-Gatell le han dicho que no es necesario si mantiene sana distancia.<\/p>\n\n\n\n<p>Lo anterior es una evidente contrariedad con las medidas que los gobiernos buscan establecer por el bien de la poblaci\u00f3n, porque mientras las indicaciones son unas, las evidencias comunican distintos mensajes.&nbsp;Para algunos es claro el de la irresponsabilidad, porque sin duda el principal mandatario del pa\u00eds es el principal ejemplo de todos sus seguidores, pero tambi\u00e9n puede simbolizar esperanza y fortaleza.&nbsp;<\/p>\n\n\n\n<p>Especialistas como Alfredo Paredes consideran que las figuras como AMLO, Trump, Bolsonaro y otros l\u00edderes considerados populistas, buscan transmitir un mensaje mesi\u00e1nico, simulando que no pasa nada. La intenci\u00f3n pareciera comunicar: Yo soy inmune. Todo va a estar bien, sin embargo, en la realidad los n\u00fameros de infectados y muertes incrementan, adem\u00e1s los mensajes transmitidos ante otras cat\u00e1strofes no est\u00e1n brindando la tranquilidad y gu\u00eda esperada de un buen l\u00edder.<\/p>\n\n\n\n<p>En 2001 Jim Collins public\u00f3 un libro donde enunciaba las caracter\u00edsticas esperadas de todo gran l\u00edder, entre las que destacan las siguientes: humildad, voluntad, resoluci\u00f3n feroz, dar cr\u00e9dito a otros y saber asumir las culpas. \u00bfCu\u00e1ntas de estas caracter\u00edsticas cumples nuestros dirigentes? \u00bfcu\u00e1ntas se aplican realmente en las empresas? \u00bfcu\u00e1ntas somos capaces de poner en pr\u00e1ctica?<\/p>\n\n\n\n<p>Por dif\u00edcil que parezca admitirlo estamos atravesando un periodo de crisis, para lo cual se requiere de verdaderos l\u00edderes,&nbsp;en medio de la pandemia todo puede parecer incierto, pero hay medidas que no hacen da\u00f1o alguno si se respetan y en cambio s\u00ed pueden prevenir grandes tragedias. Seamos responsables pensando en el futuro que deseamos, considerando la necesidad que enfrenta nuestro entorno. Llegados a este punto es probable que todos estemos desesperados, pero para que esto termine se requiere de un compromiso social profundo. No necesitas creer que algo existe para cuidar de aquellos que te importan.&nbsp;Ah\u00ed est\u00e1 la verdadera fortaleza, ese es el liderazgo, pensar en un bien com\u00fan. Aceptar el error, aprender de las equivocaciones de otros, confiar en los expertos y decidir oportunamente.<\/p>\n\n\n\n<p>Prestemos atenci\u00f3n a todos los mensajes, no para creerlos, sino para analizarlos porque despu\u00e9s de la crisis llega una etapa de necesidad y de la mano tambi\u00e9n se avecina un periodo electoral que ser\u00e1 clave para determinar el rumbo de la transformaci\u00f3n de M\u00e9xico.\u00a0No basta con creer en lo que se ve, hay mensajes a\u00fan m\u00e1s profundos, n\u00fameros que hablan por s\u00ed solos. Antes de dejarnos persuadir por la ayuda moment\u00e1nea, pensemos en lo que el pa\u00eds necesita a largo plazo.<\/p>\n\n\n\n<p><strong>zairosas.22@gmail.com<\/strong><\/p>\n","protected":false},"excerpt":{"rendered":"<p>Zaira Rosas Todo comunica, nuestra manera de hablar, los silencios, la ropa, los colores, los movimientos o la falta de los mismos. Las palabras son clave para entendernos, pero para algunos especialistas las palabras representan menos del 10% del impacto que causa un mensaje. Lo m\u00e1s importante est\u00e1 en el lenguaje no verbal. De ah\u00ed [&hellip;]<\/p>\n","protected":false},"author":1,"featured_media":387,"comment_status":"open","ping_status":"open","sticky":false,"template":"","format":"standard","meta":{"_jetpack_memberships_contains_paid_content":false,"footnotes":""},"categories":[11],"tags":[],"class_list":["post-4403","post","type-post","status-publish","format-standard","has-post-thumbnail","hentry","category-opinion"],"jetpack_featured_media_url":"https:\/\/encuentroinformativo.com.mx\/wp-content\/uploads\/2020\/03\/7CF8A22B-2764-47BE-8F7F-38FE9E5D6A2F.jpeg","jetpack_sharing_enabled":true,"jetpack_likes_enabled":true,"amp_enabled":true,"_links":{"self":[{"href":"https:\/\/encuentroinformativo.com.mx\/index.php?rest_route=\/wp\/v2\/posts\/4403","targetHints":{"allow":["GET"]}}],"collection":[{"href":"https:\/\/encuentroinformativo.com.mx\/index.php?rest_route=\/wp\/v2\/posts"}],"about":[{"href":"https:\/\/encuentroinformativo.com.mx\/index.php?rest_route=\/wp\/v2\/types\/post"}],"author":[{"embeddable":true,"href":"https:\/\/encuentroinformativo.com.mx\/index.php?rest_route=\/wp\/v2\/users\/1"}],"replies":[{"embeddable":true,"href":"https:\/\/encuentroinformativo.com.mx\/index.php?rest_route=%2Fwp%2Fv2%2Fcomments&post=4403"}],"version-history":[{"count":1,"href":"https:\/\/encuentroinformativo.com.mx\/index.php?rest_route=\/wp\/v2\/posts\/4403\/revisions"}],"predecessor-version":[{"id":4404,"href":"https:\/\/encuentroinformativo.com.mx\/index.php?rest_route=\/wp\/v2\/posts\/4403\/revisions\/4404"}],"wp:featuredmedia":[{"embeddable":true,"href":"https:\/\/encuentroinformativo.com.mx\/index.php?rest_route=\/wp\/v2\/media\/387"}],"wp:attachment":[{"href":"https:\/\/encuentroinformativo.com.mx\/index.php?rest_route=%2Fwp%2Fv2%2Fmedia&parent=4403"}],"wp:term":[{"taxonomy":"category","embeddable":true,"href":"https:\/\/encuentroinformativo.com.mx\/index.php?rest_route=%2Fwp%2Fv2%2Fcategories&post=4403"},{"taxonomy":"post_tag","embeddable":true,"href":"https:\/\/encuentroinformativo.com.mx\/index.php?rest_route=%2Fwp%2Fv2%2Ftags&post=4403"}],"curies":[{"name":"wp","href":"https:\/\/api.w.org\/{rel}","templated":true}]}}