{"id":44035,"date":"2023-08-18T17:58:36","date_gmt":"2023-08-18T23:58:36","guid":{"rendered":"https:\/\/encuentroinformativo.com.mx\/?p=44035"},"modified":"2023-08-18T17:58:41","modified_gmt":"2023-08-18T23:58:41","slug":"otorgan-arraigo-domiciliario-a-rogelio-franco","status":"publish","type":"post","link":"https:\/\/encuentroinformativo.com.mx\/?p=44035","title":{"rendered":"Otorgan arraigo domiciliario a Rogelio Franco"},"content":{"rendered":"\n<p><strong>Juan Arcos <\/strong><\/p>\n\n\n\n<p>Xalapa, Ver.- El exsecretario de Gobierno, Rogelio Franco Cast\u00e1n, saldr\u00e1 del penal de La Toma en Amatl\u00e1n de los Reyes, luego de que un juez de control le retirara la medida cautelar de prisi\u00f3n preventiva justificada.<\/p>\n\n\n\n<p>La audiencia se llev\u00f3 a cabo la tarde de este viernes 18 de agosto en los juzgados del penal de Pacho Viejo, municipio de Coatepec, donde el juez le impuso el arraigo domiciliario, por lo que saldr\u00eda del reclusorio en las pr\u00f3ximas cuatro horas y se prev\u00e9 que llegue a la ciudad de Xalapa despu\u00e9s de la medianoche.<\/p>\n\n\n\n<p>El exdirigente estatal del Partido de la Revoluci\u00f3n Democr\u00e1tica (PRD) permanecer\u00e1 en su domicilio, en la ciudad de Xalapa, donde ser\u00e1 custodiado por elementos de la Secretar\u00eda de Seguridad P\u00fablica (SSP) durante las 24 horas del d\u00eda.<\/p>\n\n\n\n<p>As\u00ed lo confirm\u00f3 su abogado Luis Enrique Gonz\u00e1lez Lira, del despacho Lira y Asociados, quien adem\u00e1s confirm\u00f3 que el juez de control acat\u00f3 la resoluci\u00f3n al juicio de amparo donde se instru\u00eda dejar sin efecto la prisi\u00f3n preventiva justificada.Tambi\u00e9n se impuso una garant\u00eda econ\u00f3mica de medio mill\u00f3n de pesos por el presunto delito de retenci\u00f3n de menores al exfuncionario estatal, quien fuera el segundo al mando durante el bienio panista de Miguel \u00c1ngel Yunes Linares.<\/p>\n\n\n\n<p>\u201cAfortunadamente se le dio cumplimiento a la sentencia de amparo, la cual nosotros exig\u00edamos, agradecemos al juez que haya acatado la sentencia en el sentido de que se deb\u00eda levantar la prisi\u00f3n preventiva justificada\u201d.<\/p>\n\n\n\n<p>Franco Cast\u00e1n se encuentra en el penal de La Toma, ubicado en el municipio de Amatl\u00e1n de los Reyes, en la zona central monta\u00f1osa del estado de Veracruz. Ha enfrentado seis procesos penales en su contra por los presuntos delitos contra las instituciones de seguridad p\u00fablica o ultrajes a la autoridad, abuso de autoridad y extorsi\u00f3n, peculado equiparado, ejercicio indebido del ejercicio p\u00fablico, violencia familiar y retenci\u00f3n de menores.<\/p>\n\n\n\n<p>\u201cCuando peculado equiparado se resolvi\u00f3 con un auto de no vinculaci\u00f3n a proceso volvieron a imputarlo, agregaron ejercicio indebido del ejercicio p\u00fablico, posteriormente violencia familiar y por \u00faltimo retenci\u00f3n de menores\u201d.<\/p>\n\n\n\n<p>La Polic\u00eda Ministerial junto con la Polic\u00eda Estatal verificar\u00e1n que se encuentre en condiciones favorables la vivienda donde Rogelio Franco estar\u00e1 bajo resguardo domiciliario, para posteriormente ser trasladado por los elementos de seguridad.<\/p>\n\n\n\n<p>El abogado mencion\u00f3 que la medida cautelar de prisi\u00f3n domiciliaria ser\u00eda impugnada para que el exfuncionario yunista enfrente el proceso penal en absoluta libertad.<\/p>\n\n\n\n<p>\u201cLo m\u00e1s importante es que el se\u00f1or Franco Cast\u00e1n va a dejar el centro penitenciario despu\u00e9s de dos a\u00f1os y seis meses aproximadamente. Lo arraigan por el delito de retenci\u00f3n de menores, en todos los dem\u00e1s procesos \u00e9l ya se encuentra en libertad\u201d, remat\u00f3 Gonz\u00e1lez Lira.<\/p>\n","protected":false},"excerpt":{"rendered":"<p>Juan Arcos Xalapa, Ver.- El exsecretario de Gobierno, Rogelio Franco Cast\u00e1n, saldr\u00e1 del penal de La Toma en Amatl\u00e1n de los Reyes, luego de que un juez de control le retirara la medida cautelar de prisi\u00f3n preventiva justificada. La audiencia se llev\u00f3 a cabo la tarde de este viernes 18 de agosto en los juzgados [&hellip;]<\/p>\n","protected":false},"author":2476,"featured_media":44036,"comment_status":"open","ping_status":"open","sticky":false,"template":"","format":"standard","meta":{"_jetpack_memberships_contains_paid_content":false,"footnotes":""},"categories":[2],"tags":[],"class_list":["post-44035","post","type-post","status-publish","format-standard","has-post-thumbnail","hentry","category-estado"],"jetpack_featured_media_url":"https:\/\/encuentroinformativo.com.mx\/wp-content\/uploads\/2023\/08\/IMG_23702.jpg","jetpack_sharing_enabled":true,"jetpack_likes_enabled":true,"amp_enabled":true,"_links":{"self":[{"href":"https:\/\/encuentroinformativo.com.mx\/index.php?rest_route=\/wp\/v2\/posts\/44035","targetHints":{"allow":["GET"]}}],"collection":[{"href":"https:\/\/encuentroinformativo.com.mx\/index.php?rest_route=\/wp\/v2\/posts"}],"about":[{"href":"https:\/\/encuentroinformativo.com.mx\/index.php?rest_route=\/wp\/v2\/types\/post"}],"author":[{"embeddable":true,"href":"https:\/\/encuentroinformativo.com.mx\/index.php?rest_route=\/wp\/v2\/users\/2476"}],"replies":[{"embeddable":true,"href":"https:\/\/encuentroinformativo.com.mx\/index.php?rest_route=%2Fwp%2Fv2%2Fcomments&post=44035"}],"version-history":[{"count":1,"href":"https:\/\/encuentroinformativo.com.mx\/index.php?rest_route=\/wp\/v2\/posts\/44035\/revisions"}],"predecessor-version":[{"id":44037,"href":"https:\/\/encuentroinformativo.com.mx\/index.php?rest_route=\/wp\/v2\/posts\/44035\/revisions\/44037"}],"wp:featuredmedia":[{"embeddable":true,"href":"https:\/\/encuentroinformativo.com.mx\/index.php?rest_route=\/wp\/v2\/media\/44036"}],"wp:attachment":[{"href":"https:\/\/encuentroinformativo.com.mx\/index.php?rest_route=%2Fwp%2Fv2%2Fmedia&parent=44035"}],"wp:term":[{"taxonomy":"category","embeddable":true,"href":"https:\/\/encuentroinformativo.com.mx\/index.php?rest_route=%2Fwp%2Fv2%2Fcategories&post=44035"},{"taxonomy":"post_tag","embeddable":true,"href":"https:\/\/encuentroinformativo.com.mx\/index.php?rest_route=%2Fwp%2Fv2%2Ftags&post=44035"}],"curies":[{"name":"wp","href":"https:\/\/api.w.org\/{rel}","templated":true}]}}