{"id":44038,"date":"2023-08-18T18:49:55","date_gmt":"2023-08-19T00:49:55","guid":{"rendered":"https:\/\/encuentroinformativo.com.mx\/?p=44038"},"modified":"2023-08-18T18:49:59","modified_gmt":"2023-08-19T00:49:59","slug":"que-cese-la-persecusion-senalan-hijas-de-rogelio-franco","status":"publish","type":"post","link":"https:\/\/encuentroinformativo.com.mx\/?p=44038","title":{"rendered":"Que cese la persecusi\u00f3n, se\u00f1alan hijas de Rogelio Franco"},"content":{"rendered":"\n<p><strong>Dar\u00edo Pale <\/strong><\/p>\n\n\n\n<p>Xalapa, Ver.- Luisa Alvarado y Viviana Franco, junto con su abuela, Mercedes Cast\u00e1n Gonz\u00e1lez, expresaron su felicidad tras dos a\u00f1os y medio de prisi\u00f3n del exfuncionario, y solicitaron que cese a la persecuci\u00f3n contra Rogelio Franco.<\/p>\n\n\n\n<p>Despu\u00e9s de la modificaci\u00f3n de la medida cautelar de prisi\u00f3n preventiva justificada en contra del exsecretario de Gobierno, Rogelio Franco, sus hijas pidieron a la administraci\u00f3n de Cuitl\u00e1huac Garc\u00eda, &#8220;cese la persecuci\u00f3n pol\u00edtica&#8221;.<\/p>\n\n\n\n<p>&#8220;Es una felicidad inmensa la que sentimos en este momento, digo lo van a tener en arraigo domiciliario, pero con nosotras, entonces estamos s\u00faper, s\u00faper contentas&#8221;, se\u00f1alaron.<\/p>\n\n\n\n<p>Con l\u00e1grimas en los ojos Luisa agradeci\u00f3 a todos aquellos quienes las han acompa\u00f1ado durante este largo proceso, &#8220;pero por fin est\u00e1 fuera&#8221;.<\/p>\n\n\n\n<p>&#8220;Estamos muy contentas, nos hac\u00eda mucha falta&#8221;, a\u00f1adi\u00f3 y especific\u00f3 que la menor de sus hijas continuar\u00e1 bajo la tutela de su abuela paterna.<\/p>\n\n\n\n<p>Expusieron que estos dos a\u00f1os y medio fueron muy complicados porque cada vez que ve\u00edan &#8220;un poco de luz&#8221; le imputaban algo m\u00e1s.<\/p>\n\n\n\n<p>Finalmente Viviana afirm\u00f3 que Rogelio est\u00e1 bien de salud y durante todo el tiempo que estuvo recluido lo aprovech\u00f3 para leer y para hacer ejercicio.<\/p>\n","protected":false},"excerpt":{"rendered":"<p>Dar\u00edo Pale Xalapa, Ver.- Luisa Alvarado y Viviana Franco, junto con su abuela, Mercedes Cast\u00e1n Gonz\u00e1lez, expresaron su felicidad tras dos a\u00f1os y medio de prisi\u00f3n del exfuncionario, y solicitaron que cese a la persecuci\u00f3n contra Rogelio Franco. Despu\u00e9s de la modificaci\u00f3n de la medida cautelar de prisi\u00f3n preventiva justificada en contra del exsecretario de [&hellip;]<\/p>\n","protected":false},"author":2476,"featured_media":44039,"comment_status":"open","ping_status":"open","sticky":false,"template":"","format":"standard","meta":{"_jetpack_memberships_contains_paid_content":false,"footnotes":""},"categories":[2],"tags":[],"class_list":["post-44038","post","type-post","status-publish","format-standard","has-post-thumbnail","hentry","category-estado"],"jetpack_featured_media_url":"https:\/\/encuentroinformativo.com.mx\/wp-content\/uploads\/2023\/08\/IMG-20230818-WA0139.jpg","jetpack_sharing_enabled":true,"jetpack_likes_enabled":true,"amp_enabled":true,"_links":{"self":[{"href":"https:\/\/encuentroinformativo.com.mx\/index.php?rest_route=\/wp\/v2\/posts\/44038","targetHints":{"allow":["GET"]}}],"collection":[{"href":"https:\/\/encuentroinformativo.com.mx\/index.php?rest_route=\/wp\/v2\/posts"}],"about":[{"href":"https:\/\/encuentroinformativo.com.mx\/index.php?rest_route=\/wp\/v2\/types\/post"}],"author":[{"embeddable":true,"href":"https:\/\/encuentroinformativo.com.mx\/index.php?rest_route=\/wp\/v2\/users\/2476"}],"replies":[{"embeddable":true,"href":"https:\/\/encuentroinformativo.com.mx\/index.php?rest_route=%2Fwp%2Fv2%2Fcomments&post=44038"}],"version-history":[{"count":1,"href":"https:\/\/encuentroinformativo.com.mx\/index.php?rest_route=\/wp\/v2\/posts\/44038\/revisions"}],"predecessor-version":[{"id":44040,"href":"https:\/\/encuentroinformativo.com.mx\/index.php?rest_route=\/wp\/v2\/posts\/44038\/revisions\/44040"}],"wp:featuredmedia":[{"embeddable":true,"href":"https:\/\/encuentroinformativo.com.mx\/index.php?rest_route=\/wp\/v2\/media\/44039"}],"wp:attachment":[{"href":"https:\/\/encuentroinformativo.com.mx\/index.php?rest_route=%2Fwp%2Fv2%2Fmedia&parent=44038"}],"wp:term":[{"taxonomy":"category","embeddable":true,"href":"https:\/\/encuentroinformativo.com.mx\/index.php?rest_route=%2Fwp%2Fv2%2Fcategories&post=44038"},{"taxonomy":"post_tag","embeddable":true,"href":"https:\/\/encuentroinformativo.com.mx\/index.php?rest_route=%2Fwp%2Fv2%2Ftags&post=44038"}],"curies":[{"name":"wp","href":"https:\/\/api.w.org\/{rel}","templated":true}]}}