{"id":44041,"date":"2023-08-18T21:17:06","date_gmt":"2023-08-19T03:17:06","guid":{"rendered":"https:\/\/encuentroinformativo.com.mx\/?p=44041"},"modified":"2023-08-18T21:17:11","modified_gmt":"2023-08-19T03:17:11","slug":"mantienen-puestos-de-control-en-poza-rica","status":"publish","type":"post","link":"https:\/\/encuentroinformativo.com.mx\/?p=44041","title":{"rendered":"Mantienen puestos de control en Poza Rica"},"content":{"rendered":"\n<p>Poza Rica, Ver.- Como parte del reforzamiento operativo en la regi\u00f3n norte de la entidad, instruido por el Gobernador Cuitl\u00e1huac Garc\u00eda Jim\u00e9nez, la Secretar\u00eda de Seguridad P\u00fablica en coordinaci\u00f3n con SEDENA mantiene recorridos y puestos de control en diversas zonas del municipio de Poza Rica.<\/p>\n\n\n\n<p>Estos mecanismos de seguridad ser\u00e1n permanentes y aleatorios, dando seguimiento a los acuerdos de la Mesa Estatal para la Construcci\u00f3n de la Paz y las acciones para disminuir la incidencia delitictiva.<\/p>\n\n\n\n<p>Exhortamos a la poblaci\u00f3n contribuir con estas inspecciones, que tienen como objetivo combatir los delitos, evitando el tr\u00e1fico de armas, estupefacientes, as\u00ed como veh\u00edculos con irregularidades y diversos il\u00edcitos.<\/p>\n\n\n\n<figure class=\"wp-block-image size-large\"><img loading=\"lazy\" decoding=\"async\" width=\"1024\" height=\"767\" src=\"https:\/\/encuentroinformativo.com.mx\/wp-content\/uploads\/2023\/08\/IMG-20230818-WA0151-1024x767.jpg\" alt=\"\" class=\"wp-image-44043\" srcset=\"https:\/\/encuentroinformativo.com.mx\/wp-content\/uploads\/2023\/08\/IMG-20230818-WA0151-1024x767.jpg 1024w, https:\/\/encuentroinformativo.com.mx\/wp-content\/uploads\/2023\/08\/IMG-20230818-WA0151-300x225.jpg 300w, https:\/\/encuentroinformativo.com.mx\/wp-content\/uploads\/2023\/08\/IMG-20230818-WA0151-768x575.jpg 768w, https:\/\/encuentroinformativo.com.mx\/wp-content\/uploads\/2023\/08\/IMG-20230818-WA0151.jpg 1440w\" sizes=\"auto, (max-width: 1024px) 100vw, 1024px\" \/><\/figure>\n","protected":false},"excerpt":{"rendered":"<p>Poza Rica, Ver.- Como parte del reforzamiento operativo en la regi\u00f3n norte de la entidad, instruido por el Gobernador Cuitl\u00e1huac Garc\u00eda Jim\u00e9nez, la Secretar\u00eda de Seguridad P\u00fablica en coordinaci\u00f3n con SEDENA mantiene recorridos y puestos de control en diversas zonas del municipio de Poza Rica. Estos mecanismos de seguridad ser\u00e1n permanentes y aleatorios, dando seguimiento [&hellip;]<\/p>\n","protected":false},"author":2476,"featured_media":44042,"comment_status":"open","ping_status":"open","sticky":false,"template":"","format":"standard","meta":{"_jetpack_memberships_contains_paid_content":false,"footnotes":""},"categories":[2],"tags":[],"class_list":["post-44041","post","type-post","status-publish","format-standard","has-post-thumbnail","hentry","category-estado"],"jetpack_featured_media_url":"https:\/\/encuentroinformativo.com.mx\/wp-content\/uploads\/2023\/08\/IMG-20230818-WA0157.jpg","jetpack_sharing_enabled":true,"jetpack_likes_enabled":true,"amp_enabled":true,"_links":{"self":[{"href":"https:\/\/encuentroinformativo.com.mx\/index.php?rest_route=\/wp\/v2\/posts\/44041","targetHints":{"allow":["GET"]}}],"collection":[{"href":"https:\/\/encuentroinformativo.com.mx\/index.php?rest_route=\/wp\/v2\/posts"}],"about":[{"href":"https:\/\/encuentroinformativo.com.mx\/index.php?rest_route=\/wp\/v2\/types\/post"}],"author":[{"embeddable":true,"href":"https:\/\/encuentroinformativo.com.mx\/index.php?rest_route=\/wp\/v2\/users\/2476"}],"replies":[{"embeddable":true,"href":"https:\/\/encuentroinformativo.com.mx\/index.php?rest_route=%2Fwp%2Fv2%2Fcomments&post=44041"}],"version-history":[{"count":1,"href":"https:\/\/encuentroinformativo.com.mx\/index.php?rest_route=\/wp\/v2\/posts\/44041\/revisions"}],"predecessor-version":[{"id":44044,"href":"https:\/\/encuentroinformativo.com.mx\/index.php?rest_route=\/wp\/v2\/posts\/44041\/revisions\/44044"}],"wp:featuredmedia":[{"embeddable":true,"href":"https:\/\/encuentroinformativo.com.mx\/index.php?rest_route=\/wp\/v2\/media\/44042"}],"wp:attachment":[{"href":"https:\/\/encuentroinformativo.com.mx\/index.php?rest_route=%2Fwp%2Fv2%2Fmedia&parent=44041"}],"wp:term":[{"taxonomy":"category","embeddable":true,"href":"https:\/\/encuentroinformativo.com.mx\/index.php?rest_route=%2Fwp%2Fv2%2Fcategories&post=44041"},{"taxonomy":"post_tag","embeddable":true,"href":"https:\/\/encuentroinformativo.com.mx\/index.php?rest_route=%2Fwp%2Fv2%2Ftags&post=44041"}],"curies":[{"name":"wp","href":"https:\/\/api.w.org\/{rel}","templated":true}]}}