{"id":4405,"date":"2020-07-26T14:28:11","date_gmt":"2020-07-26T19:28:11","guid":{"rendered":"https:\/\/encuentroinformativo.com\/?p=4405"},"modified":"2020-07-26T14:28:24","modified_gmt":"2020-07-26T19:28:24","slug":"ejercito-no-debe-tener-control-de-aduanas-rementeria","status":"publish","type":"post","link":"https:\/\/encuentroinformativo.com.mx\/?p=4405","title":{"rendered":"Ej\u00e9rcito no debe tener control de aduanas: Rementer\u00eda"},"content":{"rendered":"\n<p><strong>Juan Arcos <\/strong><\/p>\n\n\n\n<p>Xalapa, Ver.- La Armada de M\u00e9xico y el Ej\u00e9rcito Mexicano no pueden tener el control aduanero del pa\u00eds, es inconstitucional y va contra los ordenamientos para el que fueron creadas, consider\u00f3 el senador Julen Rementer\u00eda del Puerto.<\/p>\n\n\n\n<p>El Legislador del Partido Acci\u00f3n Nacional (PAN) record\u00f3 que, como lo marca la Constituci\u00f3n, no est\u00e1 en las atribuciones de la fuerza naval ni de la militar hacerse cargo de asuntos administrativos.<\/p>\n\n\n\n<p>A\u00f1adi\u00f3 que el art\u00edculo 129 especifica que en tiempos de paz \u201cninguna autoridad militar puede ejercer m\u00e1s funciones que las que tengan exacta conexi\u00f3n con la disciplina militar. Solamente habr\u00e1 comandancias militares fijas y permanentes en los castillos, fortalezas y almacenes que dependan inmediatamente del Gobierno de la Uni\u00f3n\u201d.<\/p>\n\n\n\n<p>Cabe recordar que el presidente de la Rep\u00fablica, Andr\u00e9s Manuel L\u00f3pez Obrador anunci\u00f3 en d\u00edas pasados que las Fuerzas Armadas se ocupar\u00e1n de la gesti\u00f3n de las aduanas y los puertos para fortalecer la lucha contra el narcotr\u00e1fico, y que, en coordinaci\u00f3n con el gabinete de seguridad, decidi\u00f3 que las aduanas pasen a estar bajo control de las secretar\u00edas de Defensa y la Marina.<\/p>\n\n\n\n<p>Por tal motivo, Rementer\u00eda del Puerto no descart\u00f3 que sea promovida una acci\u00f3n de inconstitucionalidad en la Suprema Corte de Justicia de la Naci\u00f3n (SCJN).<\/p>\n\n\n\n<p>\u201cLa declaraci\u00f3n del Presidente no es precisa en cuanto a sus alcances, si se refiere exclusivamente en cuanto a seguridad, esto ya se encuentra contemplado, en el caso de los puertos es a trav\u00e9s de la Secretar\u00eda de Marina, y para las aduanas por conducto de la Guardia Nacional. Si la intenci\u00f3n del Ejecutivo es la participaci\u00f3n de la Fuerza Armada permanente en labores administrativas, debe saber que dichas tareas son ajenas a su funci\u00f3n, esas son exclusivas de las autoridades civiles\u201d.<\/p>\n\n\n\n<p>El Legislador panista exhort\u00f3 a la actual administraci\u00f3n federal que donde haya irregularidades se denuncie ante la Secretar\u00eda de la Funci\u00f3n P\u00fablica (SFP) y la Fiscal\u00eda General de la Rep\u00fablica (FGR).<\/p>\n\n\n\n<p>Enfatiz\u00f3 que todo acuerdo que se emita para permitir que militares y marinos administren las 49 aduanas y 17 puertos del pa\u00eds, ser\u00eda completamente inconstitucional, violentando los art\u00edculos 90 y 129 constitucionales.<\/p>\n\n\n\n<p>\u201cEl Ejecutivo debe entender que las Fuerzas Armadas merecen el mayor respeto, y no pueden ser sujeto de ocurrencias como las que el Presidente plantea. Si bien es cierto que la formaci\u00f3n de los integrantes de la Fuerza Armada Permanente plantea una disciplina mucho m\u00e1s rigurosa que la del servicio p\u00fablico, en la jurisdicci\u00f3n civil contamos ya con mecanismos legales e instituciones espec\u00edficamente creadas para garantizar la transparencia, la rendici\u00f3n de cuentas y el combate a la corrupci\u00f3n en el servicio p\u00fablico\u201d, remat\u00f3.<\/p>\n\n\n\n<p><\/p>\n","protected":false},"excerpt":{"rendered":"<p>Juan Arcos Xalapa, Ver.- La Armada de M\u00e9xico y el Ej\u00e9rcito Mexicano no pueden tener el control aduanero del pa\u00eds, es inconstitucional y va contra los ordenamientos para el que fueron creadas, consider\u00f3 el senador Julen Rementer\u00eda del Puerto. El Legislador del Partido Acci\u00f3n Nacional (PAN) record\u00f3 que, como lo marca la Constituci\u00f3n, no est\u00e1 [&hellip;]<\/p>\n","protected":false},"author":1,"featured_media":3769,"comment_status":"open","ping_status":"open","sticky":false,"template":"","format":"standard","meta":{"_jetpack_memberships_contains_paid_content":false,"footnotes":""},"categories":[12],"tags":[],"class_list":["post-4405","post","type-post","status-publish","format-standard","has-post-thumbnail","hentry","category-nacional"],"jetpack_featured_media_url":"https:\/\/encuentroinformativo.com.mx\/wp-content\/uploads\/2020\/07\/87FE161D-AF4E-45FE-83B3-439E209413C8.jpeg","jetpack_sharing_enabled":true,"jetpack_likes_enabled":true,"amp_enabled":true,"_links":{"self":[{"href":"https:\/\/encuentroinformativo.com.mx\/index.php?rest_route=\/wp\/v2\/posts\/4405","targetHints":{"allow":["GET"]}}],"collection":[{"href":"https:\/\/encuentroinformativo.com.mx\/index.php?rest_route=\/wp\/v2\/posts"}],"about":[{"href":"https:\/\/encuentroinformativo.com.mx\/index.php?rest_route=\/wp\/v2\/types\/post"}],"author":[{"embeddable":true,"href":"https:\/\/encuentroinformativo.com.mx\/index.php?rest_route=\/wp\/v2\/users\/1"}],"replies":[{"embeddable":true,"href":"https:\/\/encuentroinformativo.com.mx\/index.php?rest_route=%2Fwp%2Fv2%2Fcomments&post=4405"}],"version-history":[{"count":1,"href":"https:\/\/encuentroinformativo.com.mx\/index.php?rest_route=\/wp\/v2\/posts\/4405\/revisions"}],"predecessor-version":[{"id":4406,"href":"https:\/\/encuentroinformativo.com.mx\/index.php?rest_route=\/wp\/v2\/posts\/4405\/revisions\/4406"}],"wp:featuredmedia":[{"embeddable":true,"href":"https:\/\/encuentroinformativo.com.mx\/index.php?rest_route=\/wp\/v2\/media\/3769"}],"wp:attachment":[{"href":"https:\/\/encuentroinformativo.com.mx\/index.php?rest_route=%2Fwp%2Fv2%2Fmedia&parent=4405"}],"wp:term":[{"taxonomy":"category","embeddable":true,"href":"https:\/\/encuentroinformativo.com.mx\/index.php?rest_route=%2Fwp%2Fv2%2Fcategories&post=4405"},{"taxonomy":"post_tag","embeddable":true,"href":"https:\/\/encuentroinformativo.com.mx\/index.php?rest_route=%2Fwp%2Fv2%2Ftags&post=4405"}],"curies":[{"name":"wp","href":"https:\/\/api.w.org\/{rel}","templated":true}]}}