{"id":44052,"date":"2023-08-19T11:15:32","date_gmt":"2023-08-19T17:15:32","guid":{"rendered":"https:\/\/encuentroinformativo.com.mx\/?p=44052"},"modified":"2023-08-19T11:15:39","modified_gmt":"2023-08-19T17:15:39","slug":"buscan-incrementar-apoyos-sociales-en-tepatlaxco","status":"publish","type":"post","link":"https:\/\/encuentroinformativo.com.mx\/?p=44052","title":{"rendered":"Buscan incrementar apoyos sociales en Tepatlaxco"},"content":{"rendered":"\n<p>Alejandro \u00c1vila<\/p>\n\n\n\n<p>Veracruz, Ver.- El municipio de Tepatlaxco ubicado en la zona centro de la entidad veracruzana, ha conformado en los \u00faltimos meses Comit\u00e9s Ciudadanos con la finalidad de incrementar los apoyos sociales en las localidades.<\/p>\n\n\n\n<p>La ingeniero agr\u00f3nomo, Eva Ameca solicit\u00f3 desde hace meses una reuni\u00f3 con el diputado local, Magdaleno Rosales Torres, para que a trav\u00e9s de diversos programas se brindar\u00e1 apoyo a los ciudadanos de las comunidades m\u00e1s vulnerables en Tepatlaxco.<\/p>\n\n\n\n<p>El municipio fundado por el h\u00e9roe de la independencia, Miguel Hidalgo y Costilla, cuenta, con tres fiestas patronales que enaltecen la gastronom\u00eda de la zona; una en marzo, otra en noviembre y una m\u00e1s en diciembre, donde se destacan la venta de chileatole de hongo, seta o encino, adem\u00e1s de la chicatanas en salsa o asadas sobre todo en el mes de junio.<\/p>\n\n\n\n<p>A la fecha, Eva Ameca con apoyo del diputado, Magdaleno Rosales Torres, han entregado en diversas comunidades, l\u00e1minas, herramientas de trabajo para el campo, huevo a bajo costo y tinacos; adem\u00e1s, han logrado agilizar los tr\u00e1mites para que los ciudadanos obtengan m\u00e1s r\u00e1pido su registro a los programas de Bienestar y puedan obtener otro ingreso extra.<\/p>\n","protected":false},"excerpt":{"rendered":"<p>Alejandro \u00c1vila Veracruz, Ver.- El municipio de Tepatlaxco ubicado en la zona centro de la entidad veracruzana, ha conformado en los \u00faltimos meses Comit\u00e9s Ciudadanos con la finalidad de incrementar los apoyos sociales en las localidades. La ingeniero agr\u00f3nomo, Eva Ameca solicit\u00f3 desde hace meses una reuni\u00f3 con el diputado local, Magdaleno Rosales Torres, para [&hellip;]<\/p>\n","protected":false},"author":2476,"featured_media":44053,"comment_status":"open","ping_status":"open","sticky":false,"template":"","format":"standard","meta":{"_jetpack_memberships_contains_paid_content":false,"footnotes":""},"categories":[2],"tags":[],"class_list":["post-44052","post","type-post","status-publish","format-standard","has-post-thumbnail","hentry","category-estado"],"jetpack_featured_media_url":"https:\/\/encuentroinformativo.com.mx\/wp-content\/uploads\/2023\/08\/IMG-20230819-WA0029.jpg","jetpack_sharing_enabled":true,"jetpack_likes_enabled":true,"amp_enabled":true,"_links":{"self":[{"href":"https:\/\/encuentroinformativo.com.mx\/index.php?rest_route=\/wp\/v2\/posts\/44052","targetHints":{"allow":["GET"]}}],"collection":[{"href":"https:\/\/encuentroinformativo.com.mx\/index.php?rest_route=\/wp\/v2\/posts"}],"about":[{"href":"https:\/\/encuentroinformativo.com.mx\/index.php?rest_route=\/wp\/v2\/types\/post"}],"author":[{"embeddable":true,"href":"https:\/\/encuentroinformativo.com.mx\/index.php?rest_route=\/wp\/v2\/users\/2476"}],"replies":[{"embeddable":true,"href":"https:\/\/encuentroinformativo.com.mx\/index.php?rest_route=%2Fwp%2Fv2%2Fcomments&post=44052"}],"version-history":[{"count":1,"href":"https:\/\/encuentroinformativo.com.mx\/index.php?rest_route=\/wp\/v2\/posts\/44052\/revisions"}],"predecessor-version":[{"id":44054,"href":"https:\/\/encuentroinformativo.com.mx\/index.php?rest_route=\/wp\/v2\/posts\/44052\/revisions\/44054"}],"wp:featuredmedia":[{"embeddable":true,"href":"https:\/\/encuentroinformativo.com.mx\/index.php?rest_route=\/wp\/v2\/media\/44053"}],"wp:attachment":[{"href":"https:\/\/encuentroinformativo.com.mx\/index.php?rest_route=%2Fwp%2Fv2%2Fmedia&parent=44052"}],"wp:term":[{"taxonomy":"category","embeddable":true,"href":"https:\/\/encuentroinformativo.com.mx\/index.php?rest_route=%2Fwp%2Fv2%2Fcategories&post=44052"},{"taxonomy":"post_tag","embeddable":true,"href":"https:\/\/encuentroinformativo.com.mx\/index.php?rest_route=%2Fwp%2Fv2%2Ftags&post=44052"}],"curies":[{"name":"wp","href":"https:\/\/api.w.org\/{rel}","templated":true}]}}