{"id":44071,"date":"2023-08-19T10:48:16","date_gmt":"2023-08-19T16:48:16","guid":{"rendered":"https:\/\/encuentroinformativo.com.mx\/?p=44071"},"modified":"2023-08-19T23:52:38","modified_gmt":"2023-08-20T05:52:38","slug":"viralizaciones","status":"publish","type":"post","link":"https:\/\/encuentroinformativo.com.mx\/?p=44071","title":{"rendered":"VIRALIZACIONES"},"content":{"rendered":"\n<p><strong>N\u00fameros Rojos<\/strong><\/p>\n\n\n\n<p><strong>Brenda Caballero<\/strong><\/p>\n\n\n\n<p>\u201c\u00bfEscucharon lo de los chavos de Jalisco? S\u00ed g\u00fcey. Estuvo feo. Como que ya hay mucha violencia\u201d. Fueron las palabras que intercambiaron tres j\u00f3venes no mayores de 23 a\u00f1os, entre ellos una mujer, que esperaban en la misma fila que yo. Acto seguido empezaron a platicar de las carnes asadas para el pr\u00f3ximo cumplea\u00f1os de uno de ellos.<\/p>\n\n\n\n<p>Las dos o tres frases que intercambiaron los j\u00f3venes sobre el panorama actual que se vive, y no precisamente en Veracruz, sino en Jalisco, hace reflexionar varios puntos:<\/p>\n\n\n\n<p>\u00bfPor qu\u00e9 referirse a otro estado, cuando en el norte de Veracruz al mismo tiempo se encontraron m\u00e1s de 13 cad\u00e1veres en refrigeradores? \u00bfAcaso nos hemos acostumbrado a la violencia entre grupos del crimen organizado y el factor diferente es que son j\u00f3venes de su edad?<\/p>\n\n\n\n<p>\u00bfSe ha viralizado m\u00e1s el caso de Lagos de Moreno que el de Poza Rica?<\/p>\n\n\n\n<p>\u00bfAcaso no queremos ver nuestra realidad, que preferimos ver la paja en ojo ajeno, es decir la violencia en el estado ajeno?<\/p>\n\n\n\n<p>\u00bfQu\u00e9 m\u00e1s necesitamos padecer, para que esos tres j\u00f3venes le dediquen m\u00e1s de un minuto al panorama de violencia en que vivimos?<\/p>\n\n\n\n<p>Hay una parte de la poblaci\u00f3n que est\u00e1 de acuerdo con la viralizaci\u00f3n de los videos\u00a0 tomados por c\u00e1maras de seguridad de los \u00faltimos casos en el pa\u00eds, porque han ayudado a capturar a los asesinos o generadores de violencia, como aquella pareja en el Estado de M\u00e9xico que fue a amenazar a una maestra porque hab\u00eda reprendido a su hijo; o el tipo que mat\u00f3 a cuchilladas a Milagros Monserrat en Le\u00f3n Guanajuato; o el caso del hombre apodado el Tibur\u00f3n que arremeti\u00f3 a golpes a un joven empleado del Subway; estos hechos han tenido por decirlo as\u00ed \u201cun final feliz\u201d porque se ha localizado a los culpables, los han capturado y llevado a la justicia\u2026 pero en el caso del video circulado supuestamente por el C\u00e1rtel de Sinaloa,\u00a0 por las siglas \u201cPuro MZ\u201d (Ismael \u201cEl Mayo Zambada\u201d) donde aparecen\u00a0 los 5\u00a0 j\u00f3venes de Lagos de Moreno, el cual no voy a describir, pero que verlo te deja sin palabras y con una profunda tristeza ante el panorama desgarrador que se muestra en \u00e9l, hay diversas opiniones.<\/p>\n\n\n\n<p>Al respecto existen sentimientos encontrados por parte de la poblaci\u00f3n, porque hay quienes censuran su publicaci\u00f3n en redes sociales por el alto contenido de violencia que muestra; mientras hay quienes consideran que deben mostrarse para despertar conciencia en la poblaci\u00f3n y se empiece a trabajar para cambiar el chip en las nuevas generaciones que ya se han acostumbrado a la espiral de violencia contra mujeres, hombres, ni\u00f1os y poblaci\u00f3n vulnerable y que cada d\u00eda se recrudece.<\/p>\n\n\n\n<p>Algo as\u00ed parece estar ocurriendo en los veracruzanos que llevamos viendo desde hace varios d\u00edas muertos en congeladores, cabezas colgadas de puentes peatonales, narcomantas con restos de cuerpos humanos y aun as\u00ed seguimos pensando que no pasa nada, que son hechos aislados o que son disputas entre grupos delincuenciales\u2026 O peor a\u00fan, los vemos pero le dedicamos unas cuantas palabras de desconsuelo y seguimos con nuestra vida, volteando hacia otro lado, como si no pasara nada, a pesar de los cientos de desaparecidos, los feminicidios que no ceden, los asesinatos a domicilio. Y no, no pretendo ser pesimista, ni ave de mal ag\u00fcero, pero debemos pensar en hacer algo porque la violencia va en crecimiento y ella no nos dar\u00e1 tregua, no esperemos a que le toque a un amigo, conocido o familiar. A\u00fan hay esperanza, veamos el espejo: A Colombia le tom\u00f3 50 a\u00f1os en lograrlo.<\/p>\n\n\n\n<p>Ojal\u00e1 que esos muchachos de la fila le dediquen igual o m\u00e1s tiempo a lo que acontece en Veracruz con el mismo \u00e9nfasis que a las carne asada de un fin de semana.<\/p>\n\n\n\n<p>Twiter: @NumerosRojos_BC<\/p>\n\n\n\n<p><a href=\"mailto:caballero_brenda@hotmail.com\" target=\"_blank\" rel=\"noreferrer noopener\">caballero_brenda@hotmail.com<\/a><\/p>\n","protected":false},"excerpt":{"rendered":"<p>N\u00fameros Rojos Brenda Caballero \u201c\u00bfEscucharon lo de los chavos de Jalisco? S\u00ed g\u00fcey. Estuvo feo. Como que ya hay mucha violencia\u201d. Fueron las palabras que intercambiaron tres j\u00f3venes no mayores de 23 a\u00f1os, entre ellos una mujer, que esperaban en la misma fila que yo. Acto seguido empezaron a platicar de las carnes asadas para [&hellip;]<\/p>\n","protected":false},"author":2476,"featured_media":387,"comment_status":"open","ping_status":"open","sticky":false,"template":"","format":"standard","meta":{"_jetpack_memberships_contains_paid_content":false,"footnotes":""},"categories":[11],"tags":[],"class_list":["post-44071","post","type-post","status-publish","format-standard","has-post-thumbnail","hentry","category-opinion"],"jetpack_featured_media_url":"https:\/\/encuentroinformativo.com.mx\/wp-content\/uploads\/2020\/03\/7CF8A22B-2764-47BE-8F7F-38FE9E5D6A2F.jpeg","jetpack_sharing_enabled":true,"jetpack_likes_enabled":true,"amp_enabled":true,"_links":{"self":[{"href":"https:\/\/encuentroinformativo.com.mx\/index.php?rest_route=\/wp\/v2\/posts\/44071","targetHints":{"allow":["GET"]}}],"collection":[{"href":"https:\/\/encuentroinformativo.com.mx\/index.php?rest_route=\/wp\/v2\/posts"}],"about":[{"href":"https:\/\/encuentroinformativo.com.mx\/index.php?rest_route=\/wp\/v2\/types\/post"}],"author":[{"embeddable":true,"href":"https:\/\/encuentroinformativo.com.mx\/index.php?rest_route=\/wp\/v2\/users\/2476"}],"replies":[{"embeddable":true,"href":"https:\/\/encuentroinformativo.com.mx\/index.php?rest_route=%2Fwp%2Fv2%2Fcomments&post=44071"}],"version-history":[{"count":1,"href":"https:\/\/encuentroinformativo.com.mx\/index.php?rest_route=\/wp\/v2\/posts\/44071\/revisions"}],"predecessor-version":[{"id":44072,"href":"https:\/\/encuentroinformativo.com.mx\/index.php?rest_route=\/wp\/v2\/posts\/44071\/revisions\/44072"}],"wp:featuredmedia":[{"embeddable":true,"href":"https:\/\/encuentroinformativo.com.mx\/index.php?rest_route=\/wp\/v2\/media\/387"}],"wp:attachment":[{"href":"https:\/\/encuentroinformativo.com.mx\/index.php?rest_route=%2Fwp%2Fv2%2Fmedia&parent=44071"}],"wp:term":[{"taxonomy":"category","embeddable":true,"href":"https:\/\/encuentroinformativo.com.mx\/index.php?rest_route=%2Fwp%2Fv2%2Fcategories&post=44071"},{"taxonomy":"post_tag","embeddable":true,"href":"https:\/\/encuentroinformativo.com.mx\/index.php?rest_route=%2Fwp%2Fv2%2Ftags&post=44071"}],"curies":[{"name":"wp","href":"https:\/\/api.w.org\/{rel}","templated":true}]}}