{"id":44075,"date":"2023-08-20T15:32:29","date_gmt":"2023-08-20T21:32:29","guid":{"rendered":"https:\/\/encuentroinformativo.com.mx\/?p=44075"},"modified":"2023-08-20T15:32:32","modified_gmt":"2023-08-20T21:32:32","slug":"por-nombramiento-comerciantes-de-naolinco-esperan-repunte-de-turistas","status":"publish","type":"post","link":"https:\/\/encuentroinformativo.com.mx\/?p=44075","title":{"rendered":"Por nombramiento, comerciantes de Naolinco esperan repunte de turistas"},"content":{"rendered":"\n<p><strong>Juan Arcos <\/strong><\/p>\n\n\n\n<p>Xalapa, Ver.- Los comerciantes de Naolinco celebran el nombramiento de Pueblo M\u00e1gico otorgado el pasado jueves 17 de agosto y anunciaron que se planea construir plazas comerciales y otra espacios de recreaci\u00f3n familiar para atraer a un mayor n\u00famero de turistas.<\/p>\n\n\n\n<p>El empresario zapatero Javier Ismael Hern\u00e1ndez Rivera confirm\u00f3 que se tienen planes importantes en Naolinco para mejorar la imagen del pueblo m\u00e1gico y ampliar las actividades ofertadas a los visitantes.<\/p>\n\n\n\n<p>&#8220;Agradecemos mucho el nombramiento, Naolinco se lo merec\u00eda desde hace tiempo, pero Naolinco ya era m\u00e1gico, pero le hac\u00eda falta su nombramiento\u201d.<\/p>\n\n\n\n<p>Naolinco es un un pueblo cercano a la ciudad de Xalapa, la capital de Veracruz, donde el 80 por ciento de las personas viven de la fabricaci\u00f3n y comercializaci\u00f3n de zapatos artesanales de piel.<\/p>\n\n\n\n<p>\u201cVan a hacer un espacio propio para una campana que tiene m\u00e1s de 50 a\u00f1os, que estuvo en la iglesia y va a ser un lugar especial para exhibirla. Comentar que en unos d\u00edas m\u00e1s se va a inaugurar una nueva plaza en Naolinco para que el turista tenga variedad para comprar\u201d.<\/p>\n\n\n\n<p>Adem\u00e1s, a diez minutos de Naolinco en veh\u00edculo, se encuentra el pueblo de San Miguel, donde se hacen las artesan\u00edas de barro, lo que tambi\u00e9n es un importante atractivo tur\u00edstico.<\/p>\n\n\n\n<p>\u201cSe est\u00e1n prestando para hacer las artesan\u00edas y ense\u00f1ar a la gente c\u00f3mo se hacen. Tambi\u00e9n puedo comentarte que a cinco minutos nos encontramos con una cascada, que es otro atractivo que tenemos\u201d.<\/p>\n\n\n\n<p>La gente espera el arribo de miles de visitantes en Naolinco tras haber recibido el nombramiento de Pueblo M\u00e1gico, pues las riquezas de este lugar ser\u00e1n difundidas a nivel nacional.<\/p>\n\n\n\n<p>\u201cLas nueve capillas que tienen que ser visitadas, muy distintas y cada una con historias diferentes\u201d, enfatiz\u00f3 Hern\u00e1ndez Rivera.<\/p>\n","protected":false},"excerpt":{"rendered":"<p>Juan Arcos Xalapa, Ver.- Los comerciantes de Naolinco celebran el nombramiento de Pueblo M\u00e1gico otorgado el pasado jueves 17 de agosto y anunciaron que se planea construir plazas comerciales y otra espacios de recreaci\u00f3n familiar para atraer a un mayor n\u00famero de turistas. El empresario zapatero Javier Ismael Hern\u00e1ndez Rivera confirm\u00f3 que se tienen planes [&hellip;]<\/p>\n","protected":false},"author":2476,"featured_media":44076,"comment_status":"open","ping_status":"open","sticky":false,"template":"","format":"standard","meta":{"_jetpack_memberships_contains_paid_content":false,"footnotes":""},"categories":[8],"tags":[],"class_list":["post-44075","post","type-post","status-publish","format-standard","has-post-thumbnail","hentry","category-region"],"jetpack_featured_media_url":"https:\/\/encuentroinformativo.com.mx\/wp-content\/uploads\/2023\/08\/IMG_7844.jpg","jetpack_sharing_enabled":true,"jetpack_likes_enabled":true,"amp_enabled":true,"_links":{"self":[{"href":"https:\/\/encuentroinformativo.com.mx\/index.php?rest_route=\/wp\/v2\/posts\/44075","targetHints":{"allow":["GET"]}}],"collection":[{"href":"https:\/\/encuentroinformativo.com.mx\/index.php?rest_route=\/wp\/v2\/posts"}],"about":[{"href":"https:\/\/encuentroinformativo.com.mx\/index.php?rest_route=\/wp\/v2\/types\/post"}],"author":[{"embeddable":true,"href":"https:\/\/encuentroinformativo.com.mx\/index.php?rest_route=\/wp\/v2\/users\/2476"}],"replies":[{"embeddable":true,"href":"https:\/\/encuentroinformativo.com.mx\/index.php?rest_route=%2Fwp%2Fv2%2Fcomments&post=44075"}],"version-history":[{"count":1,"href":"https:\/\/encuentroinformativo.com.mx\/index.php?rest_route=\/wp\/v2\/posts\/44075\/revisions"}],"predecessor-version":[{"id":44077,"href":"https:\/\/encuentroinformativo.com.mx\/index.php?rest_route=\/wp\/v2\/posts\/44075\/revisions\/44077"}],"wp:featuredmedia":[{"embeddable":true,"href":"https:\/\/encuentroinformativo.com.mx\/index.php?rest_route=\/wp\/v2\/media\/44076"}],"wp:attachment":[{"href":"https:\/\/encuentroinformativo.com.mx\/index.php?rest_route=%2Fwp%2Fv2%2Fmedia&parent=44075"}],"wp:term":[{"taxonomy":"category","embeddable":true,"href":"https:\/\/encuentroinformativo.com.mx\/index.php?rest_route=%2Fwp%2Fv2%2Fcategories&post=44075"},{"taxonomy":"post_tag","embeddable":true,"href":"https:\/\/encuentroinformativo.com.mx\/index.php?rest_route=%2Fwp%2Fv2%2Ftags&post=44075"}],"curies":[{"name":"wp","href":"https:\/\/api.w.org\/{rel}","templated":true}]}}