{"id":44094,"date":"2023-08-21T12:37:46","date_gmt":"2023-08-21T18:37:46","guid":{"rendered":"https:\/\/encuentroinformativo.com.mx\/?p=44094"},"modified":"2023-08-21T12:37:51","modified_gmt":"2023-08-21T18:37:51","slug":"a-tres-meses-cafetaleros-mantienen-reclamos-para-liberacion-de-companeros","status":"publish","type":"post","link":"https:\/\/encuentroinformativo.com.mx\/?p=44094","title":{"rendered":"A tres meses, cafetaleros mantienen reclamos para liberaci\u00f3n de compa\u00f1eros"},"content":{"rendered":"\n<p><strong>Dar\u00edo Pale <\/strong><\/p>\n\n\n\n<p>Xalapa, Ver.- Fernando C\u00e9lis Callejas, asesor de la Coordinadora Nacional de Organizaciones Cafetaleras, se\u00f1al\u00f3 que a tres meses, exigen liberaci\u00f3n de Viridiana Bret\u00f3n y de sus compa\u00f1eros cafetaleros.<\/p>\n\n\n\n<p>En conferencia de prensa cafetaleros de diversas regiones del Estado as\u00ed como familiares de los detenidos por el incendio en la empresa AMSA, ubicada en el municipio de Huatusco; exigieron la inmediata liberaci\u00f3n de Viridiana Bret\u00f3n Feito y quienes todav\u00eda contin\u00faan privados de su libertad.<\/p>\n\n\n\n<p>Recalc\u00f3 que se trata de una detenci\u00f3n pol\u00edtica, por lo que pidi\u00f3 que la empresa transnacional ECOM Agroindustrial Corp. \u00a0se desista de la denuncia, ya que todav\u00eda est\u00e1n pendientes de cumplimentarse siete \u00f3rdenes de aprehensi\u00f3n.<\/p>\n\n\n\n<p>Dio a conocer que ya se reunieron con representantes del gobierno Federal quienes se comprometieron a revisar la acusaci\u00f3n de la empresa AMSA contra cinco personas, entre esas a la exalcaldesa Viridiana Bret\u00f3n Feito.<\/p>\n\n\n\n<p>Por su parte, Maricruz Valerio Mart\u00ednez, esposa de Minervo Cantor, explic\u00f3 que el d\u00eda del incendio no estaba y como prueba tienen un v\u00eddeo en donde est\u00e1 en su domicilio.<\/p>\n\n\n\n<p>&#8220;Sin embargo lo est\u00e1n acusando de algo que nunca hizo. Todos sabemos que es una acusaci\u00f3n falsa. No es el primer a\u00f1o que los cafeticultores de Ixhuatl\u00e1n del Caf\u00e9 tienen problemas con los cafeticultores, lleva 11 a\u00f1os trabajando ah\u00ed y todo el tiempo es lo mismo: cuando quiere les compra el caf\u00e9, cuando no quiere no les compra&#8221;, se\u00f1al\u00f3.<\/p>\n\n\n\n<p>Asimismo, Eligio Ruiz Gonz\u00e1lez, hermano de Cirio, otro de los acusados, manifest\u00f3 que tampoco estuvo en el momento del incendio, lo cual ya han demostrado.<\/p>\n\n\n\n<p>&#8220;Ya van tres meses que no ha habido intervenci\u00f3n de los gobiernos Estatal y Federal y hemos estado diciendo como familia que es falsa la acusaci\u00f3n de AMSA, de ECOM&#8221;, coment\u00f3.<\/p>\n\n\n\n<p>&#8220;Si ya salieron dos, pero todav\u00eda est\u00e1n Viridiana Bret\u00f3n y todav\u00eda est\u00e1 Crisanto por las mismas acusaciones que tienen todos&#8221;, dijo y exigi\u00f3 la liberaci\u00f3n inmediata.<\/p>\n\n\n\n<p>Asimismo, C\u00e9sar Suazo Illescas, sobrino de Viridiana Bret\u00f3n, coment\u00f3 que tampoco estaba el d\u00eda de los hechos, ella estaba en Quer\u00e9taro, cursando la maestr\u00eda.<\/p>\n\n\n\n<p>&#8220;La gente de Ixhuatl\u00e1n est\u00e1 consciente, est\u00e1 triste, est\u00e1 enojada porque ella est\u00e9 pasando est\u00e1 situaci\u00f3n porque ella es muy querida all\u00e1&#8221;, finaliz\u00f3.<\/p>\n","protected":false},"excerpt":{"rendered":"<p>Dar\u00edo Pale Xalapa, Ver.- Fernando C\u00e9lis Callejas, asesor de la Coordinadora Nacional de Organizaciones Cafetaleras, se\u00f1al\u00f3 que a tres meses, exigen liberaci\u00f3n de Viridiana Bret\u00f3n y de sus compa\u00f1eros cafetaleros. En conferencia de prensa cafetaleros de diversas regiones del Estado as\u00ed como familiares de los detenidos por el incendio en la empresa AMSA, ubicada en [&hellip;]<\/p>\n","protected":false},"author":2476,"featured_media":44095,"comment_status":"open","ping_status":"open","sticky":false,"template":"","format":"standard","meta":{"_jetpack_memberships_contains_paid_content":false,"footnotes":""},"categories":[3],"tags":[],"class_list":["post-44094","post","type-post","status-publish","format-standard","has-post-thumbnail","hentry","category-xalapa"],"jetpack_featured_media_url":"https:\/\/encuentroinformativo.com.mx\/wp-content\/uploads\/2023\/08\/IMG-20230821-WA0038.jpg","jetpack_sharing_enabled":true,"jetpack_likes_enabled":true,"amp_enabled":true,"_links":{"self":[{"href":"https:\/\/encuentroinformativo.com.mx\/index.php?rest_route=\/wp\/v2\/posts\/44094","targetHints":{"allow":["GET"]}}],"collection":[{"href":"https:\/\/encuentroinformativo.com.mx\/index.php?rest_route=\/wp\/v2\/posts"}],"about":[{"href":"https:\/\/encuentroinformativo.com.mx\/index.php?rest_route=\/wp\/v2\/types\/post"}],"author":[{"embeddable":true,"href":"https:\/\/encuentroinformativo.com.mx\/index.php?rest_route=\/wp\/v2\/users\/2476"}],"replies":[{"embeddable":true,"href":"https:\/\/encuentroinformativo.com.mx\/index.php?rest_route=%2Fwp%2Fv2%2Fcomments&post=44094"}],"version-history":[{"count":1,"href":"https:\/\/encuentroinformativo.com.mx\/index.php?rest_route=\/wp\/v2\/posts\/44094\/revisions"}],"predecessor-version":[{"id":44096,"href":"https:\/\/encuentroinformativo.com.mx\/index.php?rest_route=\/wp\/v2\/posts\/44094\/revisions\/44096"}],"wp:featuredmedia":[{"embeddable":true,"href":"https:\/\/encuentroinformativo.com.mx\/index.php?rest_route=\/wp\/v2\/media\/44095"}],"wp:attachment":[{"href":"https:\/\/encuentroinformativo.com.mx\/index.php?rest_route=%2Fwp%2Fv2%2Fmedia&parent=44094"}],"wp:term":[{"taxonomy":"category","embeddable":true,"href":"https:\/\/encuentroinformativo.com.mx\/index.php?rest_route=%2Fwp%2Fv2%2Fcategories&post=44094"},{"taxonomy":"post_tag","embeddable":true,"href":"https:\/\/encuentroinformativo.com.mx\/index.php?rest_route=%2Fwp%2Fv2%2Ftags&post=44094"}],"curies":[{"name":"wp","href":"https:\/\/api.w.org\/{rel}","templated":true}]}}