{"id":44097,"date":"2023-08-21T13:00:28","date_gmt":"2023-08-21T19:00:28","guid":{"rendered":"https:\/\/encuentroinformativo.com.mx\/?p=44097"},"modified":"2023-08-21T13:00:37","modified_gmt":"2023-08-21T19:00:37","slug":"amaga-frente-nacional-con-mantener-planton-en-festejos-patrios","status":"publish","type":"post","link":"https:\/\/encuentroinformativo.com.mx\/?p=44097","title":{"rendered":"Amaga Frente Nacional con mantener plant\u00f3n en festejos patrios"},"content":{"rendered":"\n<p><strong>Juan Arcos <\/strong><\/p>\n\n\n\n<p>Xalapa, Ver.- Integrantes del Frente Nacional de Lucha por el Socialismo (FNLS) dieron a conocer que no retirar\u00e1n su plant\u00f3n frente a Palacio de Gobierno, en la ciudad de Xalapa, durante los festejos patrios.<\/p>\n\n\n\n<p>Los quejosos llevan seis meses en su manifestaci\u00f3n sobre Plaza Sebasti\u00e1n Lerdo de Tejada y hasta el momento no han sido recibidos por autoridades estatales para que sean atendidas sus demandas.<\/p>\n\n\n\n<p>De acuerdo con Carlos Hern\u00e1ndez, integrante de la agrupaci\u00f3n, en el estado de Veracruz se exige la libertad incondicional de su compa\u00f1ero Higinio Bustos Navarro y justicia para Gregorio de la Cruz de la Cruz, v\u00edctima de tortura y ejecuci\u00f3n extrajudicial.<\/p>\n\n\n\n<p>En la plaza p\u00fablica, enfatiz\u00f3 que su plant\u00f3n se lleva a cabo de manera indefinida y no su lucha no ser\u00e1 suspendida hasta que haya justicia en los casos planteados.<\/p>\n\n\n\n<p>\u201cNosotros ya lo hemos manifestado, nuestro plant\u00f3n es de manera indefinida pese a lo que \u00e9l (gobernador Cuitl\u00e1huac Garc\u00eda) haya programado o difunda a trav\u00e9s de los medios de comunicaci\u00f3n\u201d.<\/p>\n\n\n\n<p>El pr\u00f3ximo 15 de septiembre se planea la realizaci\u00f3n de la ceremonia de Grito de Independencia en el centro de la ciudad de Xalapa y, al d\u00eda siguiente, el desfile conmemorativo.<\/p>\n\n\n\n<p>Los quejosos responsabilizan a las autoridades estatales de cualquier intento de desalojo mediante el uso de la fuerza p\u00fablica o de cualquier agresi\u00f3n en su contra.<\/p>\n\n\n\n<p>&#8220;Vamos a permanecer en plaza Regina, va a depender tambi\u00e9n (su permanencia) de la respuesta que \u00e9l d\u00e9 (Gobernador). Responsabilizamos a Cuitl\u00e1huac Garc\u00eda de cualquier agresi\u00f3n contra quienes participamos en este plant\u00f3n\u201d, remat\u00f3 Carlos Hern\u00e1ndez.<\/p>\n","protected":false},"excerpt":{"rendered":"<p>Juan Arcos Xalapa, Ver.- Integrantes del Frente Nacional de Lucha por el Socialismo (FNLS) dieron a conocer que no retirar\u00e1n su plant\u00f3n frente a Palacio de Gobierno, en la ciudad de Xalapa, durante los festejos patrios. Los quejosos llevan seis meses en su manifestaci\u00f3n sobre Plaza Sebasti\u00e1n Lerdo de Tejada y hasta el momento no [&hellip;]<\/p>\n","protected":false},"author":2476,"featured_media":44098,"comment_status":"open","ping_status":"open","sticky":false,"template":"","format":"standard","meta":{"_jetpack_memberships_contains_paid_content":false,"footnotes":""},"categories":[3],"tags":[],"class_list":["post-44097","post","type-post","status-publish","format-standard","has-post-thumbnail","hentry","category-xalapa"],"jetpack_featured_media_url":"https:\/\/encuentroinformativo.com.mx\/wp-content\/uploads\/2023\/08\/IMG_2578.jpg","jetpack_sharing_enabled":true,"jetpack_likes_enabled":true,"amp_enabled":true,"_links":{"self":[{"href":"https:\/\/encuentroinformativo.com.mx\/index.php?rest_route=\/wp\/v2\/posts\/44097","targetHints":{"allow":["GET"]}}],"collection":[{"href":"https:\/\/encuentroinformativo.com.mx\/index.php?rest_route=\/wp\/v2\/posts"}],"about":[{"href":"https:\/\/encuentroinformativo.com.mx\/index.php?rest_route=\/wp\/v2\/types\/post"}],"author":[{"embeddable":true,"href":"https:\/\/encuentroinformativo.com.mx\/index.php?rest_route=\/wp\/v2\/users\/2476"}],"replies":[{"embeddable":true,"href":"https:\/\/encuentroinformativo.com.mx\/index.php?rest_route=%2Fwp%2Fv2%2Fcomments&post=44097"}],"version-history":[{"count":1,"href":"https:\/\/encuentroinformativo.com.mx\/index.php?rest_route=\/wp\/v2\/posts\/44097\/revisions"}],"predecessor-version":[{"id":44099,"href":"https:\/\/encuentroinformativo.com.mx\/index.php?rest_route=\/wp\/v2\/posts\/44097\/revisions\/44099"}],"wp:featuredmedia":[{"embeddable":true,"href":"https:\/\/encuentroinformativo.com.mx\/index.php?rest_route=\/wp\/v2\/media\/44098"}],"wp:attachment":[{"href":"https:\/\/encuentroinformativo.com.mx\/index.php?rest_route=%2Fwp%2Fv2%2Fmedia&parent=44097"}],"wp:term":[{"taxonomy":"category","embeddable":true,"href":"https:\/\/encuentroinformativo.com.mx\/index.php?rest_route=%2Fwp%2Fv2%2Fcategories&post=44097"},{"taxonomy":"post_tag","embeddable":true,"href":"https:\/\/encuentroinformativo.com.mx\/index.php?rest_route=%2Fwp%2Fv2%2Ftags&post=44097"}],"curies":[{"name":"wp","href":"https:\/\/api.w.org\/{rel}","templated":true}]}}