{"id":44100,"date":"2023-08-21T13:04:37","date_gmt":"2023-08-21T19:04:37","guid":{"rendered":"https:\/\/encuentroinformativo.com.mx\/?p=44100"},"modified":"2023-08-21T13:04:42","modified_gmt":"2023-08-21T19:04:42","slug":"muerte-de-alpinistas-fue-accidente-pc","status":"publish","type":"post","link":"https:\/\/encuentroinformativo.com.mx\/?p=44100","title":{"rendered":"Muerte de alpinistas fue accidente: PC"},"content":{"rendered":"\n<p><strong>Dar\u00edo Pale <\/strong><\/p>\n\n\n\n<p>Xalapa, Ver.- La causa del fallecimiento de los cuatro alpinistas, ocurrido en el Pico de Orizaba, habr\u00eda sido por un accidente, as\u00ed lo inform\u00f3 la secretaria de Protecci\u00f3n Civil del Estado, Guadalupe Osorno Maldonado.<\/p>\n\n\n\n<p>En entrevista precis\u00f3 que est\u00e1n esperando que la Fiscal\u00eda General del estado de Puebla haga las diligencias correspondientes y puedan determinar las causas, &#8220;pero todo parece indicar que fue un desafortunado accidente&#8221;.<\/p>\n\n\n\n<p>Confirm\u00f3 que uno de los fallecidos era originario de Puebla, dos de Veracruz y uno m\u00e1s era extranjero, pero avencindado en esta entidad.<\/p>\n\n\n\n<p>Adelant\u00f3 que para la recuperaci\u00f3n de los cuerpos ya est\u00e1n notificadas las familias, quienes deber\u00e1n hacer los tr\u00e1mites correspondientes.<\/p>\n\n\n\n<p>La funcionaria recomend\u00f3 a los alpinistas que extremen precauciones y es que si bien es cierto los riesgos siempre est\u00e1n latentes, en este tipo de actividades se debe tener m\u00e1s cuidado.<\/p>\n\n\n\n<p>&#8220;Eran personas muy reconocidas en esta actividad y, seguramente lo tuvieron, pero desafortunadamente los accidentes ocurren&#8221;, se\u00f1al\u00f3.<\/p>\n\n\n\n<p>Finalmente, Osorno Maldonado mencion\u00f3 que hasta antes de la lamentable muerte de estos alpinistas no se hab\u00eda registrado ninguna otra muerte por esta actividad.<\/p>\n","protected":false},"excerpt":{"rendered":"<p>Dar\u00edo Pale Xalapa, Ver.- La causa del fallecimiento de los cuatro alpinistas, ocurrido en el Pico de Orizaba, habr\u00eda sido por un accidente, as\u00ed lo inform\u00f3 la secretaria de Protecci\u00f3n Civil del Estado, Guadalupe Osorno Maldonado. En entrevista precis\u00f3 que est\u00e1n esperando que la Fiscal\u00eda General del estado de Puebla haga las diligencias correspondientes y [&hellip;]<\/p>\n","protected":false},"author":2476,"featured_media":44101,"comment_status":"open","ping_status":"open","sticky":false,"template":"","format":"standard","meta":{"_jetpack_memberships_contains_paid_content":false,"footnotes":""},"categories":[2],"tags":[],"class_list":["post-44100","post","type-post","status-publish","format-standard","has-post-thumbnail","hentry","category-estado"],"jetpack_featured_media_url":"https:\/\/encuentroinformativo.com.mx\/wp-content\/uploads\/2023\/08\/IMG-20230821-WA0049.jpg","jetpack_sharing_enabled":true,"jetpack_likes_enabled":true,"amp_enabled":true,"_links":{"self":[{"href":"https:\/\/encuentroinformativo.com.mx\/index.php?rest_route=\/wp\/v2\/posts\/44100","targetHints":{"allow":["GET"]}}],"collection":[{"href":"https:\/\/encuentroinformativo.com.mx\/index.php?rest_route=\/wp\/v2\/posts"}],"about":[{"href":"https:\/\/encuentroinformativo.com.mx\/index.php?rest_route=\/wp\/v2\/types\/post"}],"author":[{"embeddable":true,"href":"https:\/\/encuentroinformativo.com.mx\/index.php?rest_route=\/wp\/v2\/users\/2476"}],"replies":[{"embeddable":true,"href":"https:\/\/encuentroinformativo.com.mx\/index.php?rest_route=%2Fwp%2Fv2%2Fcomments&post=44100"}],"version-history":[{"count":1,"href":"https:\/\/encuentroinformativo.com.mx\/index.php?rest_route=\/wp\/v2\/posts\/44100\/revisions"}],"predecessor-version":[{"id":44102,"href":"https:\/\/encuentroinformativo.com.mx\/index.php?rest_route=\/wp\/v2\/posts\/44100\/revisions\/44102"}],"wp:featuredmedia":[{"embeddable":true,"href":"https:\/\/encuentroinformativo.com.mx\/index.php?rest_route=\/wp\/v2\/media\/44101"}],"wp:attachment":[{"href":"https:\/\/encuentroinformativo.com.mx\/index.php?rest_route=%2Fwp%2Fv2%2Fmedia&parent=44100"}],"wp:term":[{"taxonomy":"category","embeddable":true,"href":"https:\/\/encuentroinformativo.com.mx\/index.php?rest_route=%2Fwp%2Fv2%2Fcategories&post=44100"},{"taxonomy":"post_tag","embeddable":true,"href":"https:\/\/encuentroinformativo.com.mx\/index.php?rest_route=%2Fwp%2Fv2%2Ftags&post=44100"}],"curies":[{"name":"wp","href":"https:\/\/api.w.org\/{rel}","templated":true}]}}