{"id":44103,"date":"2023-08-21T13:08:56","date_gmt":"2023-08-21T19:08:56","guid":{"rendered":"https:\/\/encuentroinformativo.com.mx\/?p=44103"},"modified":"2023-08-21T13:09:00","modified_gmt":"2023-08-21T19:09:00","slug":"fusionaran-modulos-del-ine-en-la-zona-conurbada","status":"publish","type":"post","link":"https:\/\/encuentroinformativo.com.mx\/?p=44103","title":{"rendered":"Fusionar\u00e1n m\u00f3dulos del INE en la zona conurbada"},"content":{"rendered":"\n<p><strong>Alejandro \u00c1vila<\/strong><\/p>\n\n\n\n<p>Veracruz, Ver.- El vocal del Registro Federal de Electores, Jaime M\u00e9ndez, inform\u00f3 que a partir del 4 de septiembre del 2023 se fusionar\u00e1n los m\u00f3dulos de foto credencializaci\u00f3n del INE en Veracruz y Boca del R\u00edo.<\/p>\n\n\n\n<p>En ese sentido, dijo que los ciudadanos que deban realizar un tr\u00e1mite de su credencial de elector, tendr\u00e1n ahora que acudir al m\u00f3dulo que se ubicar\u00e1 en la calle de Bravo esquina Lerdo, y el otro que se ubicar\u00e1 en la Plaza el Portal, ubicada en la avenida D\u00edaz Mir\u00f3n.<\/p>\n\n\n\n<p>&#8220;Este que ten\u00edamos de JB Lobos y otro que ten\u00edamos con Diverplaza se fusionan con este (Plaza Portal); el de Lafragua, Carranza y Boca del R\u00edo Casa de la Cultura, son Distrito 12 y se van a Bravo y Lerdo por el momento, despu\u00e9s ellos tambi\u00e9n van a cambiar esa ubicaci\u00f3n&#8221;, expres\u00f3.<\/p>\n\n\n\n<p>Jaime M\u00e9ndez mencion\u00f3 que a la fecha atienden por d\u00eda a poco m\u00e1s de 100 personas, y en los nuevos mega m\u00f3dulos atender\u00e1n a casi 250 personas por d\u00eda.<\/p>\n","protected":false},"excerpt":{"rendered":"<p>Alejandro \u00c1vila Veracruz, Ver.- El vocal del Registro Federal de Electores, Jaime M\u00e9ndez, inform\u00f3 que a partir del 4 de septiembre del 2023 se fusionar\u00e1n los m\u00f3dulos de foto credencializaci\u00f3n del INE en Veracruz y Boca del R\u00edo. En ese sentido, dijo que los ciudadanos que deban realizar un tr\u00e1mite de su credencial de elector, [&hellip;]<\/p>\n","protected":false},"author":2476,"featured_media":44104,"comment_status":"open","ping_status":"open","sticky":false,"template":"","format":"standard","meta":{"_jetpack_memberships_contains_paid_content":false,"footnotes":""},"categories":[2],"tags":[],"class_list":["post-44103","post","type-post","status-publish","format-standard","has-post-thumbnail","hentry","category-estado"],"jetpack_featured_media_url":"https:\/\/encuentroinformativo.com.mx\/wp-content\/uploads\/2023\/08\/IMG-20230821-WA00702.jpg","jetpack_sharing_enabled":true,"jetpack_likes_enabled":true,"amp_enabled":true,"_links":{"self":[{"href":"https:\/\/encuentroinformativo.com.mx\/index.php?rest_route=\/wp\/v2\/posts\/44103","targetHints":{"allow":["GET"]}}],"collection":[{"href":"https:\/\/encuentroinformativo.com.mx\/index.php?rest_route=\/wp\/v2\/posts"}],"about":[{"href":"https:\/\/encuentroinformativo.com.mx\/index.php?rest_route=\/wp\/v2\/types\/post"}],"author":[{"embeddable":true,"href":"https:\/\/encuentroinformativo.com.mx\/index.php?rest_route=\/wp\/v2\/users\/2476"}],"replies":[{"embeddable":true,"href":"https:\/\/encuentroinformativo.com.mx\/index.php?rest_route=%2Fwp%2Fv2%2Fcomments&post=44103"}],"version-history":[{"count":1,"href":"https:\/\/encuentroinformativo.com.mx\/index.php?rest_route=\/wp\/v2\/posts\/44103\/revisions"}],"predecessor-version":[{"id":44105,"href":"https:\/\/encuentroinformativo.com.mx\/index.php?rest_route=\/wp\/v2\/posts\/44103\/revisions\/44105"}],"wp:featuredmedia":[{"embeddable":true,"href":"https:\/\/encuentroinformativo.com.mx\/index.php?rest_route=\/wp\/v2\/media\/44104"}],"wp:attachment":[{"href":"https:\/\/encuentroinformativo.com.mx\/index.php?rest_route=%2Fwp%2Fv2%2Fmedia&parent=44103"}],"wp:term":[{"taxonomy":"category","embeddable":true,"href":"https:\/\/encuentroinformativo.com.mx\/index.php?rest_route=%2Fwp%2Fv2%2Fcategories&post=44103"},{"taxonomy":"post_tag","embeddable":true,"href":"https:\/\/encuentroinformativo.com.mx\/index.php?rest_route=%2Fwp%2Fv2%2Ftags&post=44103"}],"curies":[{"name":"wp","href":"https:\/\/api.w.org\/{rel}","templated":true}]}}