{"id":44109,"date":"2023-08-21T13:43:35","date_gmt":"2023-08-21T19:43:35","guid":{"rendered":"https:\/\/encuentroinformativo.com.mx\/?p=44109"},"modified":"2023-08-21T13:43:38","modified_gmt":"2023-08-21T19:43:38","slug":"protesta-fredepo-en-transporte-del-estado-acusan-abusos-de-gruas","status":"publish","type":"post","link":"https:\/\/encuentroinformativo.com.mx\/?p=44109","title":{"rendered":"Protesta FREDEPO en Transporte del Estado, acusan abusos de gr\u00faas"},"content":{"rendered":"\n<p><strong>Juan Arcos <\/strong><\/p>\n\n\n\n<p>Xalapa, Ver.- Integrantes del Frente de Defensa Popular (Fredepo) protestaron afuera de las oficinas de la Direcci\u00f3n General de Transporte del Estado de Veracruz por presuntos abusos cometidos por parte de las concesionarias de gr\u00faas en la ciudad de Xalapa.<\/p>\n\n\n\n<p>Cerca de 50 transportistas de esta organizaci\u00f3n alzaron la voz en la dependencia estatal, ubicada en la parte trasera del Teatro del Estado \u201cIgnacio de la Llave\u201d, donde indicaron que las gr\u00faas se han llevado sus unidades de manera arbitraria.<\/p>\n\n\n\n<p>De acuerdo con su l\u00edder Miriam Hern\u00e1ndez Rojas, se ha detectado la operaci\u00f3n de gr\u00faas sin concesi\u00f3n en las colonias El Moral, Sumidero, Moctezuma II, Haciendita y hasta en Banderilla.<\/p>\n\n\n\n<p>Adem\u00e1s, indic\u00f3 que desde hace cuatro meses se han intensificado los abusos por parte de los agentes de transporte, a quienes se\u00f1alan de pedir \u201cmoches\u201d de entre 500 y 3 mil 500 pesos.<\/p>\n\n\n\n<p>\u201cLa aplicaci\u00f3n de la ley es selectiva pues los elementos de transporte p\u00fablico respetan s\u00f3lo a los que est\u00e9n en un sindicato\u201d, mencion\u00f3.<\/p>\n\n\n\n<p>Enfatizaron que las autoridades de Transporte se hab\u00edan comprometido a solucionar el problema, pero no cumplieron y por ello decidieron manifestarse este lunes 21 de agosto.<\/p>\n\n\n\n<p>Los quejosos amagaron con permanecer en el sitio hasta ser recibidos por las autoridades de la dependencia estatal.<\/p>\n\n\n\n<p>La manifestaci\u00f3n se llev\u00f3 a cabo de manera pac\u00edfica, las instalaciones no fueron tomadas y la Direcci\u00f3n de Transporte se encuentra abierta al p\u00fablico para la realizaci\u00f3n de cualquier tr\u00e1mite.<\/p>\n","protected":false},"excerpt":{"rendered":"<p>Juan Arcos Xalapa, Ver.- Integrantes del Frente de Defensa Popular (Fredepo) protestaron afuera de las oficinas de la Direcci\u00f3n General de Transporte del Estado de Veracruz por presuntos abusos cometidos por parte de las concesionarias de gr\u00faas en la ciudad de Xalapa. Cerca de 50 transportistas de esta organizaci\u00f3n alzaron la voz en la dependencia [&hellip;]<\/p>\n","protected":false},"author":2476,"featured_media":44110,"comment_status":"open","ping_status":"open","sticky":false,"template":"","format":"standard","meta":{"_jetpack_memberships_contains_paid_content":false,"footnotes":""},"categories":[2],"tags":[],"class_list":["post-44109","post","type-post","status-publish","format-standard","has-post-thumbnail","hentry","category-estado"],"jetpack_featured_media_url":"https:\/\/encuentroinformativo.com.mx\/wp-content\/uploads\/2023\/08\/7af15d1c-7e7f-41bf-8eaf-98d51fc44bcc.jpg","jetpack_sharing_enabled":true,"jetpack_likes_enabled":true,"amp_enabled":true,"_links":{"self":[{"href":"https:\/\/encuentroinformativo.com.mx\/index.php?rest_route=\/wp\/v2\/posts\/44109","targetHints":{"allow":["GET"]}}],"collection":[{"href":"https:\/\/encuentroinformativo.com.mx\/index.php?rest_route=\/wp\/v2\/posts"}],"about":[{"href":"https:\/\/encuentroinformativo.com.mx\/index.php?rest_route=\/wp\/v2\/types\/post"}],"author":[{"embeddable":true,"href":"https:\/\/encuentroinformativo.com.mx\/index.php?rest_route=\/wp\/v2\/users\/2476"}],"replies":[{"embeddable":true,"href":"https:\/\/encuentroinformativo.com.mx\/index.php?rest_route=%2Fwp%2Fv2%2Fcomments&post=44109"}],"version-history":[{"count":1,"href":"https:\/\/encuentroinformativo.com.mx\/index.php?rest_route=\/wp\/v2\/posts\/44109\/revisions"}],"predecessor-version":[{"id":44111,"href":"https:\/\/encuentroinformativo.com.mx\/index.php?rest_route=\/wp\/v2\/posts\/44109\/revisions\/44111"}],"wp:featuredmedia":[{"embeddable":true,"href":"https:\/\/encuentroinformativo.com.mx\/index.php?rest_route=\/wp\/v2\/media\/44110"}],"wp:attachment":[{"href":"https:\/\/encuentroinformativo.com.mx\/index.php?rest_route=%2Fwp%2Fv2%2Fmedia&parent=44109"}],"wp:term":[{"taxonomy":"category","embeddable":true,"href":"https:\/\/encuentroinformativo.com.mx\/index.php?rest_route=%2Fwp%2Fv2%2Fcategories&post=44109"},{"taxonomy":"post_tag","embeddable":true,"href":"https:\/\/encuentroinformativo.com.mx\/index.php?rest_route=%2Fwp%2Fv2%2Ftags&post=44109"}],"curies":[{"name":"wp","href":"https:\/\/api.w.org\/{rel}","templated":true}]}}