{"id":44124,"date":"2023-08-21T17:42:43","date_gmt":"2023-08-21T23:42:43","guid":{"rendered":"https:\/\/encuentroinformativo.com.mx\/?p=44124"},"modified":"2023-08-21T17:42:48","modified_gmt":"2023-08-21T23:42:48","slug":"desconoce-gobernador-tener-parientes-que-laboran-en-poder-judicial","status":"publish","type":"post","link":"https:\/\/encuentroinformativo.com.mx\/?p=44124","title":{"rendered":"Desconoce gobernador tener parientes que laboran en Poder Judicial"},"content":{"rendered":"\n<p><strong>Dar\u00edo Pale<\/strong><\/p>\n\n\n\n<p>Xalapa, Ver.- El gobernador del estado Cuitl\u00e1huac Garc\u00eda Jim\u00e9nez dio a conocer que gracias a su abuela paterna ve a todos como hermanos y como una familia pero que si alguien cree que viol\u00f3 la ley que acuda a la ley.<\/p>\n\n\n\n<p>En conferencia de prensa coment\u00f3 que, &#8220;yo vivo en Xalapa, no s\u00e9 si se han enterado que yo, mi padre naci\u00f3 aqu\u00ed es xalape\u00f1o, mi abuela vino a cortar caf\u00e9, mi abuela paterna vino desde Puebla a cortar caf\u00e9 y hace muchos a\u00f1os que radicaba, vend\u00eda en el mercado J\u00e1uregui chucher\u00edas y cuando no hab\u00eda la cosecha del caf\u00e9 pues ten\u00edan que emplearse de otra cosa&#8221;.<\/p>\n\n\n\n<p>Coment\u00f3 que nunca se puso a indagar la familia de su abuela, ya que tuvieron un origen dif\u00edcil sencillo humilde, comenzaron a convivir con muchas familias y hab\u00eda una hermandad y nunca se preguntaron de que familia eran, hasta la fecha se quieren mucho.<\/p>\n\n\n\n<p>Dijo que algo que hizo su abuela fue fomentar la unidad de familias independientemente de donde proven\u00edan, y nunca le inculcaron el preguntar de que familia ven\u00edan y con qui\u00e9n se ten\u00edan que llevar por lo que no est\u00e1 preocupado por eso, porque es parte del amor que deben profesar a los dem\u00e1s.<\/p>\n\n\n\n<p>Ya que solos nunca van a salir adelante ya que tienen que profesar la unidad y su abuela era cat\u00f3lica lo cual les ayudo mucho ya que emanaba la bondad, no obstante su vida fue muy dif\u00edcil y tr\u00e1gica, sus padres la abandonaron siendo ni\u00f1a y de ah\u00ed le naci\u00f3 la bondad.<\/p>\n\n\n\n<p>Se\u00f1al\u00f3 que los or\u00edgenes de su abuela son de Tlatlauquitepec, Puebla, por lo que si alguien de esa zona le dice que es su t\u00edo lo reconoce como su familiar, coment\u00f3 que un d\u00eda en Xalapa se encontr\u00f3 a una persona y le dieron que eran Dur\u00e1n y que eran de su familia ya que ven\u00edan del municipio antes mencionado y los reconcomio como su t\u00eda.<\/p>\n\n\n\n<p>Todo lo anterior se debe a que fue cuestionado sobre su parentesco con la ciudadana Alejandra Guerrero Perez era de su familia y que su sobrina la licenciada Isabel Cristina Hern\u00e1ndez Guerrero ya que en medios de comunicaci\u00f3n se filtr\u00f3 que son parientes.<\/p>\n\n\n\n<p>Dijo que \u00e9l no se va a poner a investigar y si alguien cree que viol\u00f3 la ley que acuda a la ley, dijo que \u00e9l ya se hab\u00eda discutido hace un tiempo pero no hay problema, y ya demostr\u00f3 que no hay influyentismo por lo que pueden proceder como quieran.<\/p>\n\n\n\n<p>Acus\u00f3 que el exgobernador si puso a su hijo de candidato, y utilizaba al gobierno para apoyarlo y que adem\u00e1s ofendi\u00f3 al actual presidente con palabras ofensivas, ya que le dec\u00eda de todo y les boicoteaban sus eventos como el de Tantoyuca, era la gente de Rogelio Franco que mandaba golpeadores ya que as\u00ed se lo confes\u00f3 uno de ellos.<\/p>\n\n\n\n<p>Finalmente se\u00f1al\u00f3 que algunas religiones Cristianas se dirigen a otra persona como hermano &#8220;yo no profeso de esa manera tengo que ser como aqu\u00ed me lo marca la ley todas las religiones por igual, pero tengo un sentido de hermandad con los dem\u00e1s&#8221;.\u00a0<\/p>\n","protected":false},"excerpt":{"rendered":"<p>Dar\u00edo Pale Xalapa, Ver.- El gobernador del estado Cuitl\u00e1huac Garc\u00eda Jim\u00e9nez dio a conocer que gracias a su abuela paterna ve a todos como hermanos y como una familia pero que si alguien cree que viol\u00f3 la ley que acuda a la ley. En conferencia de prensa coment\u00f3 que, &#8220;yo vivo en Xalapa, no s\u00e9 [&hellip;]<\/p>\n","protected":false},"author":2476,"featured_media":44125,"comment_status":"open","ping_status":"open","sticky":false,"template":"","format":"standard","meta":{"_jetpack_memberships_contains_paid_content":false,"footnotes":""},"categories":[2],"tags":[],"class_list":["post-44124","post","type-post","status-publish","format-standard","has-post-thumbnail","hentry","category-estado"],"jetpack_featured_media_url":"https:\/\/encuentroinformativo.com.mx\/wp-content\/uploads\/2023\/08\/IMG-20230821-WA0109.jpg","jetpack_sharing_enabled":true,"jetpack_likes_enabled":true,"amp_enabled":true,"_links":{"self":[{"href":"https:\/\/encuentroinformativo.com.mx\/index.php?rest_route=\/wp\/v2\/posts\/44124","targetHints":{"allow":["GET"]}}],"collection":[{"href":"https:\/\/encuentroinformativo.com.mx\/index.php?rest_route=\/wp\/v2\/posts"}],"about":[{"href":"https:\/\/encuentroinformativo.com.mx\/index.php?rest_route=\/wp\/v2\/types\/post"}],"author":[{"embeddable":true,"href":"https:\/\/encuentroinformativo.com.mx\/index.php?rest_route=\/wp\/v2\/users\/2476"}],"replies":[{"embeddable":true,"href":"https:\/\/encuentroinformativo.com.mx\/index.php?rest_route=%2Fwp%2Fv2%2Fcomments&post=44124"}],"version-history":[{"count":1,"href":"https:\/\/encuentroinformativo.com.mx\/index.php?rest_route=\/wp\/v2\/posts\/44124\/revisions"}],"predecessor-version":[{"id":44126,"href":"https:\/\/encuentroinformativo.com.mx\/index.php?rest_route=\/wp\/v2\/posts\/44124\/revisions\/44126"}],"wp:featuredmedia":[{"embeddable":true,"href":"https:\/\/encuentroinformativo.com.mx\/index.php?rest_route=\/wp\/v2\/media\/44125"}],"wp:attachment":[{"href":"https:\/\/encuentroinformativo.com.mx\/index.php?rest_route=%2Fwp%2Fv2%2Fmedia&parent=44124"}],"wp:term":[{"taxonomy":"category","embeddable":true,"href":"https:\/\/encuentroinformativo.com.mx\/index.php?rest_route=%2Fwp%2Fv2%2Fcategories&post=44124"},{"taxonomy":"post_tag","embeddable":true,"href":"https:\/\/encuentroinformativo.com.mx\/index.php?rest_route=%2Fwp%2Fv2%2Ftags&post=44124"}],"curies":[{"name":"wp","href":"https:\/\/api.w.org\/{rel}","templated":true}]}}