{"id":44144,"date":"2023-08-22T11:35:45","date_gmt":"2023-08-22T17:35:45","guid":{"rendered":"https:\/\/encuentroinformativo.com.mx\/?p=44144"},"modified":"2023-08-22T11:35:49","modified_gmt":"2023-08-22T17:35:49","slug":"en-banderilla-hombre-asesina-a-su-madre-y-deja-heridos-a-su-padre-e-hija","status":"publish","type":"post","link":"https:\/\/encuentroinformativo.com.mx\/?p=44144","title":{"rendered":"En Banderilla, hombre asesina a su madre y deja heridos a su padre e hija"},"content":{"rendered":"\n<p><strong>Juan Arcos <\/strong><\/p>\n\n\n\n<p>Xalapa, Ver.- Un hombre asesin\u00f3 a apu\u00f1aladas a su madre e hiri\u00f3 a su padre y a su hija menor de edad, quienes intentaron impedir este crimen en el municipio de Banderilla, en los l\u00edmites con la ciudad de Xalapa.<\/p>\n\n\n\n<p>Los hechos ocurrieron despu\u00e9s de la una de la madrugada de este martes 22 de agosto dentro de una vivienda de la calle Agua Marina, en la colonia Lomas del Sede\u00f1o.<\/p>\n\n\n\n<p>El adulto mayor, quien se presume es padre del agresor, recibi\u00f3 al menos cuatro pu\u00f1aladas y, pese a ello, tom\u00f3 a la ni\u00f1a con sus brazos para salir corriendo en busca de ayuda.<\/p>\n\n\n\n<p>Se habla de que la menor tambi\u00e9n sufri\u00f3 seis heridas con arma blanca, por lo que requer\u00eda una urgente atenci\u00f3n m\u00e9dica en un hospital.<\/p>\n\n\n\n<p>Mientras tanto, la madre del agresor muri\u00f3 luego de haber recibido tres cuchilladas en la zona del pecho, quedando su cuerpo tendido sobre el piso de la vivienda.<\/p>\n\n\n\n<p>Los pobladores escucharon gritos y llamaron al n\u00famero de emergencia 911 para solicitar la presencia de la polic\u00eda y param\u00e9dicos.<\/p>\n\n\n\n<p>Al lugar acudieron polic\u00edas estatales, param\u00e9dicos del Grupo Panteras de la Secretar\u00eda de Seguridad P\u00fablica (SSP) y personal de Protecci\u00f3n Civil de Banderilla, quienes trasladaron a los lesionados a un hospital.<\/p>\n\n\n\n<p>Tambi\u00e9n arrib\u00f3 personal de la Polic\u00eda Ministerial y de la Direcci\u00f3n General de Servicios Periciales para realizar las diligencias correspondientes y despu\u00e9s trasladar el cuerpo de la mujer al Servicio M\u00e9dico Forense (Semefo).<\/p>\n\n\n\n<p>En la calle Agua Marina de la colonia Lomas del Sede\u00f1o quedaron las manchas de sangre de las v\u00edctimas derramadas sobre el pavimento; sin embargo, el agresor logr\u00f3 escapar.<\/p>\n","protected":false},"excerpt":{"rendered":"<p>Juan Arcos Xalapa, Ver.- Un hombre asesin\u00f3 a apu\u00f1aladas a su madre e hiri\u00f3 a su padre y a su hija menor de edad, quienes intentaron impedir este crimen en el municipio de Banderilla, en los l\u00edmites con la ciudad de Xalapa. Los hechos ocurrieron despu\u00e9s de la una de la madrugada de este martes [&hellip;]<\/p>\n","protected":false},"author":2476,"featured_media":44142,"comment_status":"open","ping_status":"open","sticky":false,"template":"","format":"standard","meta":{"_jetpack_memberships_contains_paid_content":false,"footnotes":""},"categories":[14],"tags":[],"class_list":["post-44144","post","type-post","status-publish","format-standard","has-post-thumbnail","hentry","category-policiaca"],"jetpack_featured_media_url":"https:\/\/encuentroinformativo.com.mx\/wp-content\/uploads\/2023\/08\/f6160f7d-a14e-49bc-8c2f-193afd2e7d39.jpg","jetpack_sharing_enabled":true,"jetpack_likes_enabled":true,"amp_enabled":true,"_links":{"self":[{"href":"https:\/\/encuentroinformativo.com.mx\/index.php?rest_route=\/wp\/v2\/posts\/44144","targetHints":{"allow":["GET"]}}],"collection":[{"href":"https:\/\/encuentroinformativo.com.mx\/index.php?rest_route=\/wp\/v2\/posts"}],"about":[{"href":"https:\/\/encuentroinformativo.com.mx\/index.php?rest_route=\/wp\/v2\/types\/post"}],"author":[{"embeddable":true,"href":"https:\/\/encuentroinformativo.com.mx\/index.php?rest_route=\/wp\/v2\/users\/2476"}],"replies":[{"embeddable":true,"href":"https:\/\/encuentroinformativo.com.mx\/index.php?rest_route=%2Fwp%2Fv2%2Fcomments&post=44144"}],"version-history":[{"count":1,"href":"https:\/\/encuentroinformativo.com.mx\/index.php?rest_route=\/wp\/v2\/posts\/44144\/revisions"}],"predecessor-version":[{"id":44145,"href":"https:\/\/encuentroinformativo.com.mx\/index.php?rest_route=\/wp\/v2\/posts\/44144\/revisions\/44145"}],"wp:featuredmedia":[{"embeddable":true,"href":"https:\/\/encuentroinformativo.com.mx\/index.php?rest_route=\/wp\/v2\/media\/44142"}],"wp:attachment":[{"href":"https:\/\/encuentroinformativo.com.mx\/index.php?rest_route=%2Fwp%2Fv2%2Fmedia&parent=44144"}],"wp:term":[{"taxonomy":"category","embeddable":true,"href":"https:\/\/encuentroinformativo.com.mx\/index.php?rest_route=%2Fwp%2Fv2%2Fcategories&post=44144"},{"taxonomy":"post_tag","embeddable":true,"href":"https:\/\/encuentroinformativo.com.mx\/index.php?rest_route=%2Fwp%2Fv2%2Ftags&post=44144"}],"curies":[{"name":"wp","href":"https:\/\/api.w.org\/{rel}","templated":true}]}}