{"id":44149,"date":"2023-08-22T12:49:57","date_gmt":"2023-08-22T18:49:57","guid":{"rendered":"https:\/\/encuentroinformativo.com.mx\/?p=44149"},"modified":"2023-08-22T12:50:01","modified_gmt":"2023-08-22T18:50:01","slug":"buscan-a-tania-nina-desaparecida-en-ayahualulco","status":"publish","type":"post","link":"https:\/\/encuentroinformativo.com.mx\/?p=44149","title":{"rendered":"Buscan a Tania, ni\u00f1a desaparecida en Ayahualulco"},"content":{"rendered":"\n<p><strong>Juan Arcos <\/strong><\/p>\n\n\n\n<p>Xalapa, Ver.- El pueblo de Ayahualulco se organiz\u00f3 para la b\u00fasqueda y localizaci\u00f3n de Tania, una ni\u00f1a de 13 a\u00f1os, que fue reportada como desaparecida por sus familiares, la noche del lunes 21 de agosto.<\/p>\n\n\n\n<p>La menor fue vista por \u00faltima vez en la localidad Los Altos, cuando caminaba desorientada por las calles del pueblo, ubicado en la zona centro monta\u00f1osa del estado de Veracruz.<\/p>\n\n\n\n<p>El d\u00eda de ayer Tania Yaretzi Torres Torres vest\u00eda playera negra, pantal\u00f3n de mezclilla y tenis blancos. Su fotograf\u00eda circula en redes sociales, donde la familia pide el apoyo para encontrarla.<\/p>\n\n\n\n<p>Los pobladores realizar\u00e1n jornadas de b\u00fasqueda en Los Altos, pues fue vista deambulando en las calles Ni\u00f1os H\u00e9roes, Calzada de Guadalupe y Galeana, y en la calle Adolfo L\u00f3pez Mateos.<\/p>\n\n\n\n<p>El regidor primero de Ayahualulco, Iv\u00e1n Edilberto Mungu\u00eda Vargas, indic\u00f3 que la adolescente no ha aparecido y que fue vista por \u00faltima vez alrededor de las 11 de la noche del lunes.<\/p>\n\n\n\n<p>\u201cMe dicen que a\u00fan no aparece. La vieron a las 11 de la noche caminando sin rumbo y desorientada, desconocemos las causas. Nos estamos poniendo en contacto con otras personas para que nos apoyen y lograr localizarla lo m\u00e1s pronto posible\u201d.<\/p>\n\n\n\n<p>La gente cree que la ni\u00f1a a\u00fan podr\u00eda estar dentro del pueblo de Los Altos y por ello es necesario buscarla hasta localizarla.<\/p>\n\n\n\n<p>\u201cMe dicen que al parecer todav\u00eda est\u00e1 dentro del pueblo. Sinceramente, en mi opini\u00f3n, si estuviera dentro del pueblo ya hubiese aparecido, pero siguen en busca de ella\u201d, a\u00f1adi\u00f3 el funcionario municipal.<\/p>\n\n\n\n<p>Los familiares y amigos de Tania convocaron a los pobladores a una concentraci\u00f3n en la iglesia de Los Altos, donde sonar\u00edan las campanas e iniciar\u00edan los trabajos de b\u00fasqueda.<\/p>\n","protected":false},"excerpt":{"rendered":"<p>Juan Arcos Xalapa, Ver.- El pueblo de Ayahualulco se organiz\u00f3 para la b\u00fasqueda y localizaci\u00f3n de Tania, una ni\u00f1a de 13 a\u00f1os, que fue reportada como desaparecida por sus familiares, la noche del lunes 21 de agosto. La menor fue vista por \u00faltima vez en la localidad Los Altos, cuando caminaba desorientada por las calles [&hellip;]<\/p>\n","protected":false},"author":2476,"featured_media":44150,"comment_status":"open","ping_status":"open","sticky":false,"template":"","format":"standard","meta":{"_jetpack_memberships_contains_paid_content":false,"footnotes":""},"categories":[2],"tags":[],"class_list":["post-44149","post","type-post","status-publish","format-standard","has-post-thumbnail","hentry","category-estado"],"jetpack_featured_media_url":"https:\/\/encuentroinformativo.com.mx\/wp-content\/uploads\/2023\/08\/IMG_33702.jpg","jetpack_sharing_enabled":true,"jetpack_likes_enabled":true,"amp_enabled":true,"_links":{"self":[{"href":"https:\/\/encuentroinformativo.com.mx\/index.php?rest_route=\/wp\/v2\/posts\/44149","targetHints":{"allow":["GET"]}}],"collection":[{"href":"https:\/\/encuentroinformativo.com.mx\/index.php?rest_route=\/wp\/v2\/posts"}],"about":[{"href":"https:\/\/encuentroinformativo.com.mx\/index.php?rest_route=\/wp\/v2\/types\/post"}],"author":[{"embeddable":true,"href":"https:\/\/encuentroinformativo.com.mx\/index.php?rest_route=\/wp\/v2\/users\/2476"}],"replies":[{"embeddable":true,"href":"https:\/\/encuentroinformativo.com.mx\/index.php?rest_route=%2Fwp%2Fv2%2Fcomments&post=44149"}],"version-history":[{"count":1,"href":"https:\/\/encuentroinformativo.com.mx\/index.php?rest_route=\/wp\/v2\/posts\/44149\/revisions"}],"predecessor-version":[{"id":44151,"href":"https:\/\/encuentroinformativo.com.mx\/index.php?rest_route=\/wp\/v2\/posts\/44149\/revisions\/44151"}],"wp:featuredmedia":[{"embeddable":true,"href":"https:\/\/encuentroinformativo.com.mx\/index.php?rest_route=\/wp\/v2\/media\/44150"}],"wp:attachment":[{"href":"https:\/\/encuentroinformativo.com.mx\/index.php?rest_route=%2Fwp%2Fv2%2Fmedia&parent=44149"}],"wp:term":[{"taxonomy":"category","embeddable":true,"href":"https:\/\/encuentroinformativo.com.mx\/index.php?rest_route=%2Fwp%2Fv2%2Fcategories&post=44149"},{"taxonomy":"post_tag","embeddable":true,"href":"https:\/\/encuentroinformativo.com.mx\/index.php?rest_route=%2Fwp%2Fv2%2Ftags&post=44149"}],"curies":[{"name":"wp","href":"https:\/\/api.w.org\/{rel}","templated":true}]}}