{"id":4415,"date":"2020-07-26T16:24:14","date_gmt":"2020-07-26T21:24:14","guid":{"rendered":"https:\/\/encuentroinformativo.com\/?p=4415"},"modified":"2020-07-26T16:24:45","modified_gmt":"2020-07-26T21:24:45","slug":"detienen-a-presuntos-integrantes-de-grupo-delictivo","status":"publish","type":"post","link":"https:\/\/encuentroinformativo.com.mx\/?p=4415","title":{"rendered":"Detienen a presuntos integrantes de grupo delictivo"},"content":{"rendered":"\n<p><strong>Juan Arcos <\/strong><\/p>\n\n\n\n<p>Xalapa, Ver.- Elementos de la Fuerza Civil detuvieron a ocho presuntos integrantes del C\u00e1rtel de Jalisco Nueva Generaci\u00f3n (CJNG) en el municipio de Poza Rica, al norte del estado de Veracruz.<\/p>\n\n\n\n<p>La Secretar\u00eda de Seguridad P\u00fablica (SSP), a cargo de Hugo Guti\u00e9rrez Maldonado, inform\u00f3 que fueron arrestados por delitos contra la salud, portaci\u00f3n ilegal de arma de fuego y ultrajes a la autoridad.<\/p>\n\n\n\n<p>Se trata de Andr\u00e9s Emiliano \u201cN\u201d, Francisco Javier \u201cN\u201d, Pedro \u201cN\u201d, Tolentino \u201cN\u201d, Jonathan \u201cN\u201d, Alberto \u201cN\u201d, V\u00edctor Manuel \u201cN\u201d y Abigail \u201cN\u201d, quienes fueron puestos a disposici\u00f3n de la autoridad competente para las indagatorias correspondientes.<\/p>\n\n\n\n<p>Los polic\u00edas recibieron un reporte al n\u00famero de emergencia 911 sobre personas armadas a bordo de dos veh\u00edculos: un Nissan Versa y un taxi marca Ford con n\u00famero econ\u00f3mico 2862, placas YAJ507A y A995XFC, respectivamente, en la entrada del fraccionamiento residencial Taj\u00edn.<\/p>\n\n\n\n<p>Los efectivos se trasladaron al lugar, pero los ocupantes, al notar la presencia policial, escaparon.<\/p>\n\n\n\n<p>Los sujetos que viajaban en el taxi dispararon contra los servidores p\u00fablicos, por lo que fueron perseguidos hasta interceptarlos en la colonia La Victoria, Kil\u00f3metro 47, entre las calles Guadalupe Victoria e Ignacio Zaragoza.<\/p>\n\n\n\n<p>Fueron aseguradas cuatro armas: un fusil ATM calibre 7.62, sin matr\u00edcula; una tipo escuadra, marca Colt, calibre 38 s\u00faper, matr\u00edcula 120736; un arma calibre 22, sin marca, y una marca Smith &amp; Wesson calibre 9, matr\u00edcula VCZ4610; y cuatro cargadores con 44 cartuchos \u00fatiles.<\/p>\n\n\n\n<p>Los delincuentes tambi\u00e9n portaban 386 dosis de cristal con la leyenda CJNG, 91 dosis de \u00e9xtasis, 60 dosis de coca\u00edna, 27 dosis de marihuana y mil 500 kilogramos de marihuana y equipo t\u00e1ctico.\u00a0La detenci\u00f3n fue posible mediante el\u00a0programa \u201cUnidos para la Construcci\u00f3n de la Paz\u201d, en el cual participan las secretar\u00edas de la Defensa Nacional (SEDENA), Marina-Armada de M\u00e9xico (SEMAR) y Seguridad P\u00fablica, junto con la Guardia Nacional (GN).<\/p>\n\n\n\n<p>Por su parte, la Fiscal\u00eda General del Estado (FGE) inform\u00f3 que un Juez de Control dict\u00f3 auto de vinculaci\u00f3n a proceso en contra de los ocho sujetos mencionados.<\/p>\n\n\n\n<p>La Fiscal\u00eda Regional de la zona norte-Tuxpan present\u00f3 datos de prueba fehacientes por la probable comisi\u00f3n de delito contra la salud en su modalidad de narcomenudeo con posesi\u00f3n simple.<\/p>\n\n\n\n<p>Cabe mencionar que Francisco Javier \u201cN\u201d, V\u00edctor Manuel \u201cN\u201d, Jonathan \u201cN\u201d y Alberto \u201cN\u201d fueron tambi\u00e9n se\u00f1alados del probable delito de ultrajes a la autoridad, toda vez que, al momento de la detenci\u00f3n, presuntamente agredieron a los elementos policiacos.<\/p>\n\n\n\n<p>Se comprob\u00f3 el debido proceso por parte de los polic\u00edas, por lo que fueron legalizadas las detenciones y se procedi\u00f3 a las imputaciones formuladas. Adem\u00e1s, se concedieron dos meses para la investigaci\u00f3n complementaria.<\/p>\n\n\n\n<p><\/p>\n","protected":false},"excerpt":{"rendered":"<p>Juan Arcos Xalapa, Ver.- Elementos de la Fuerza Civil detuvieron a ocho presuntos integrantes del C\u00e1rtel de Jalisco Nueva Generaci\u00f3n (CJNG) en el municipio de Poza Rica, al norte del estado de Veracruz. La Secretar\u00eda de Seguridad P\u00fablica (SSP), a cargo de Hugo Guti\u00e9rrez Maldonado, inform\u00f3 que fueron arrestados por delitos contra la salud, portaci\u00f3n [&hellip;]<\/p>\n","protected":false},"author":1,"featured_media":4416,"comment_status":"open","ping_status":"open","sticky":false,"template":"","format":"standard","meta":{"_jetpack_memberships_contains_paid_content":false,"footnotes":""},"categories":[14],"tags":[],"class_list":["post-4415","post","type-post","status-publish","format-standard","has-post-thumbnail","hentry","category-policiaca"],"jetpack_featured_media_url":"https:\/\/encuentroinformativo.com.mx\/wp-content\/uploads\/2020\/07\/C8DA1AC3-B170-4DBD-91A1-3BF74F7F68EA.jpeg","jetpack_sharing_enabled":true,"jetpack_likes_enabled":true,"amp_enabled":true,"_links":{"self":[{"href":"https:\/\/encuentroinformativo.com.mx\/index.php?rest_route=\/wp\/v2\/posts\/4415","targetHints":{"allow":["GET"]}}],"collection":[{"href":"https:\/\/encuentroinformativo.com.mx\/index.php?rest_route=\/wp\/v2\/posts"}],"about":[{"href":"https:\/\/encuentroinformativo.com.mx\/index.php?rest_route=\/wp\/v2\/types\/post"}],"author":[{"embeddable":true,"href":"https:\/\/encuentroinformativo.com.mx\/index.php?rest_route=\/wp\/v2\/users\/1"}],"replies":[{"embeddable":true,"href":"https:\/\/encuentroinformativo.com.mx\/index.php?rest_route=%2Fwp%2Fv2%2Fcomments&post=4415"}],"version-history":[{"count":1,"href":"https:\/\/encuentroinformativo.com.mx\/index.php?rest_route=\/wp\/v2\/posts\/4415\/revisions"}],"predecessor-version":[{"id":4417,"href":"https:\/\/encuentroinformativo.com.mx\/index.php?rest_route=\/wp\/v2\/posts\/4415\/revisions\/4417"}],"wp:featuredmedia":[{"embeddable":true,"href":"https:\/\/encuentroinformativo.com.mx\/index.php?rest_route=\/wp\/v2\/media\/4416"}],"wp:attachment":[{"href":"https:\/\/encuentroinformativo.com.mx\/index.php?rest_route=%2Fwp%2Fv2%2Fmedia&parent=4415"}],"wp:term":[{"taxonomy":"category","embeddable":true,"href":"https:\/\/encuentroinformativo.com.mx\/index.php?rest_route=%2Fwp%2Fv2%2Fcategories&post=4415"},{"taxonomy":"post_tag","embeddable":true,"href":"https:\/\/encuentroinformativo.com.mx\/index.php?rest_route=%2Fwp%2Fv2%2Ftags&post=4415"}],"curies":[{"name":"wp","href":"https:\/\/api.w.org\/{rel}","templated":true}]}}