{"id":44155,"date":"2023-08-22T13:35:01","date_gmt":"2023-08-22T19:35:01","guid":{"rendered":"https:\/\/encuentroinformativo.com.mx\/?p=44155"},"modified":"2023-08-22T13:35:06","modified_gmt":"2023-08-22T19:35:06","slug":"en-veracruz-no-se-desvian-programas-federales-segun-delegado","status":"publish","type":"post","link":"https:\/\/encuentroinformativo.com.mx\/?p=44155","title":{"rendered":"En Veracruz no se desv\u00edan programas federales, seg\u00fan Delegado"},"content":{"rendered":"\n<p><strong>Dar\u00edo Pale <\/strong><\/p>\n\n\n\n<p>Xalapa, Ver.- Si hubiera amparos en Veracruz contra libros, &#8220;estamos preparados&#8221;, y coment\u00f3 que la denuncia de Marcelo por presunto uso de programas, habla bien de \u00e9l, as\u00ed lo se\u00f1al\u00f3 el delegado de los programas de Bienestar Manuel Huerta Ladr\u00f3n de Guevara.<\/p>\n\n\n\n<p>En conferencia de prensa, adelant\u00f3 que en el caso de que alg\u00fan juez otorgara alg\u00fan amparo para impedir la distribuci\u00f3n de los libros de texto gratuitos en Veracruz, est\u00e1n preparados.<\/p>\n\n\n\n<p>&#8220;Estamos preparados porque ya ven que luego hay jueces que los ayudan en todo, hasta callar al Presidente, entonces, suponiendo sin conceder, que les dieran la oportunidad los amigos de ellos, nosotros estamos listos para entregar los libros, m\u00e1s all\u00e1 de lo que la SEV est\u00e9 haciendo&#8221;, coment\u00f3.<\/p>\n\n\n\n<p>Asegur\u00f3 que los ni\u00f1os no se quedar\u00e1n sin sus libros de texto, pero sobre todo, garantiz\u00f3 que los padres de familia s\u00ed quieren que se entreguen.<\/p>\n\n\n\n<p>&#8220;En todo el pa\u00eds yo dir\u00eda que vamos a encontrar mecanismos para que los ni\u00f1os, en el marco de sus libertades y de sus padres, puedan tener sus libros de texto gratuitos&#8221;, se\u00f1al\u00f3.<\/p>\n\n\n\n<p>&#8220;Por lo pronto, en Veracruz, atentos y listos para defender la educaci\u00f3n p\u00fablica, universal, gratuita y laica. Desde aqu\u00ed llamo a los comit\u00e9s de la Escuela es Nuestra a que se lleve a cabo la entrega de libros&#8221;, agreg\u00f3.<\/p>\n\n\n\n<p>El funcionario no descart\u00f3 que la Secretar\u00eda de Educaci\u00f3n haga la distribuci\u00f3n en tiempo y forma para iniciar el ciclo escolar.<\/p>\n\n\n\n<p>Critic\u00f3 la quema de libros que se hizo en el estado de Chiapas, as\u00ed como lo que dijo el coordinador del PAN en el Senado de la Rep\u00fablica, Julen Rementer\u00eda del Puerto, quien anunci\u00f3 su respaldo a la controversia constitucional presentada por la gobernadora de Chihuahua, Mar\u00eda Eugenia Campos Galv\u00e1n, contra los libros de texto gratuitos del ciclo escolar 2023-2024.<\/p>\n\n\n\n<p>&#8220;Ellos tienen un pensamiento retr\u00f3grada y adem\u00e1s son chismosos, porque estaba leyendo sus argumentos y dicen que las matem\u00e1ticas no est\u00e1n incorporadas. No s\u00e9 d\u00f3nde estudi\u00f3 ingenier\u00eda, pero el pensamiento matem\u00e1tico se expresa hasta en la m\u00fasica&#8221;, asever\u00f3.<\/p>\n\n\n\n<p>En otro tema, luego de la denuncia que hiciera el aspirante presidencial, Marcelo Ebrard, por el presunto uso de los programas federales en favor de Claudia Sheimbaum; opin\u00f3 que eso habla bien del excanciller.<\/p>\n\n\n\n<p>&#8220;Porque s\u00e9 y porque lo conozco, tenemos objetivos m\u00e1s importantes que es la transformaci\u00f3n nacional. En los momentos democr\u00e1ticos hay tensiones, hay acusaciones&#8221;, subray\u00f3.<\/p>\n\n\n\n<p>Sostuvo que en el caso de Veracruz eso no sucede, es decir, no se desv\u00edan recursos a favor de la exjefa del gobierno de la Ciudad de M\u00e9xico ni a favor de nadie.<\/p>\n\n\n\n<p>Finalmente dio a conocer que, &#8220;ah\u00ed est\u00e1 para todos, quien haya cometido delito electoral hay formas de denunciar, hay pruebas y, quien se sienta afectado, ofendido, que vaya (y denuncie)&#8221;.<\/p>\n","protected":false},"excerpt":{"rendered":"<p>Dar\u00edo Pale Xalapa, Ver.- Si hubiera amparos en Veracruz contra libros, &#8220;estamos preparados&#8221;, y coment\u00f3 que la denuncia de Marcelo por presunto uso de programas, habla bien de \u00e9l, as\u00ed lo se\u00f1al\u00f3 el delegado de los programas de Bienestar Manuel Huerta Ladr\u00f3n de Guevara. En conferencia de prensa, adelant\u00f3 que en el caso de que [&hellip;]<\/p>\n","protected":false},"author":2476,"featured_media":44156,"comment_status":"open","ping_status":"open","sticky":false,"template":"","format":"standard","meta":{"_jetpack_memberships_contains_paid_content":false,"footnotes":""},"categories":[2],"tags":[],"class_list":["post-44155","post","type-post","status-publish","format-standard","has-post-thumbnail","hentry","category-estado"],"jetpack_featured_media_url":"https:\/\/encuentroinformativo.com.mx\/wp-content\/uploads\/2023\/08\/IMG-20230822-WA00662.jpg","jetpack_sharing_enabled":true,"jetpack_likes_enabled":true,"amp_enabled":true,"_links":{"self":[{"href":"https:\/\/encuentroinformativo.com.mx\/index.php?rest_route=\/wp\/v2\/posts\/44155","targetHints":{"allow":["GET"]}}],"collection":[{"href":"https:\/\/encuentroinformativo.com.mx\/index.php?rest_route=\/wp\/v2\/posts"}],"about":[{"href":"https:\/\/encuentroinformativo.com.mx\/index.php?rest_route=\/wp\/v2\/types\/post"}],"author":[{"embeddable":true,"href":"https:\/\/encuentroinformativo.com.mx\/index.php?rest_route=\/wp\/v2\/users\/2476"}],"replies":[{"embeddable":true,"href":"https:\/\/encuentroinformativo.com.mx\/index.php?rest_route=%2Fwp%2Fv2%2Fcomments&post=44155"}],"version-history":[{"count":1,"href":"https:\/\/encuentroinformativo.com.mx\/index.php?rest_route=\/wp\/v2\/posts\/44155\/revisions"}],"predecessor-version":[{"id":44157,"href":"https:\/\/encuentroinformativo.com.mx\/index.php?rest_route=\/wp\/v2\/posts\/44155\/revisions\/44157"}],"wp:featuredmedia":[{"embeddable":true,"href":"https:\/\/encuentroinformativo.com.mx\/index.php?rest_route=\/wp\/v2\/media\/44156"}],"wp:attachment":[{"href":"https:\/\/encuentroinformativo.com.mx\/index.php?rest_route=%2Fwp%2Fv2%2Fmedia&parent=44155"}],"wp:term":[{"taxonomy":"category","embeddable":true,"href":"https:\/\/encuentroinformativo.com.mx\/index.php?rest_route=%2Fwp%2Fv2%2Fcategories&post=44155"},{"taxonomy":"post_tag","embeddable":true,"href":"https:\/\/encuentroinformativo.com.mx\/index.php?rest_route=%2Fwp%2Fv2%2Ftags&post=44155"}],"curies":[{"name":"wp","href":"https:\/\/api.w.org\/{rel}","templated":true}]}}