{"id":44161,"date":"2023-08-22T14:26:24","date_gmt":"2023-08-22T20:26:24","guid":{"rendered":"https:\/\/encuentroinformativo.com.mx\/?p=44161"},"modified":"2023-08-22T14:26:27","modified_gmt":"2023-08-22T20:26:27","slug":"desaparecio-musico-de-grupo-palomo-en-tuxpan","status":"publish","type":"post","link":"https:\/\/encuentroinformativo.com.mx\/?p=44161","title":{"rendered":"Desapareci\u00f3 m\u00fasico de Grupo Palomo en Tuxpan"},"content":{"rendered":"\n<p><strong>Juan Arcos <\/strong><\/p>\n\n\n\n<p>Xalapa, Ver.- El m\u00fasico de Grupo Palomo, Rogelio Montes Y\u00e1\u00f1ez, fue reportado como desaparecido desde el pasado s\u00e1bado 19 de agosto. Particip\u00f3 en un concierto en la ciudad de Tuxpan, al norte del estado de Veracruz, y despu\u00e9s de eso se perdi\u00f3 toda comunicaci\u00f3n con \u00e9l.<\/p>\n\n\n\n<p>Los artistas de esta banda regional mexicana tuvieron una presentaci\u00f3n en la Expo Feria Tuxpan 2023, el pasado s\u00e1bado 16 de agosto, pero despu\u00e9s de tres d\u00edas se dio a conocer este suceso luego de que fuera presentada la denuncia correspondiente en la Fiscal\u00eda General del Estado (FGE).<\/p>\n\n\n\n<p>La agrupaci\u00f3n de m\u00fasica norte\u00f1a es originaria de Monterrey, Estado de Nuevo Le\u00f3n, y es tambi\u00e9n ampliamente conocida a nivel nacional por su incursi\u00f3n en dicho g\u00e9nero musical.<\/p>\n\n\n\n<p>La Comisi\u00f3n Estatal de B\u00fasqueda de Veracruz, a cargo de Brenda Cer\u00f3n Chagoya, reci\u00e9n emiti\u00f3 la ficha por este caso de desaparici\u00f3n, donde se observan los rasgos particulares de Rogelio.<br>El artista tiene 45 a\u00f1os de edad, mide un metro con 75 cent\u00edmetros. Tiene ojos color caf\u00e9 oscuro, piel morena clara y su cabello es entrecano, largo y crespo.<\/p>\n\n\n\n<p>Tambi\u00e9n se indica que tiene tatuajes en el cuello y brazo derecho, expansiones en orejas y cicatriz en el brazo izquierdo, esto como parte de sus se\u00f1as particulares.<\/p>\n\n\n\n<p>La esposa del m\u00fasico difundi\u00f3 una publicaci\u00f3n en redes sociales donde manifest\u00f3: \u201cno es ninguna broma, soy Abigail Abrego, esposa de Rogelio. Mi esposo est\u00e1 desaparecido desde el s\u00e1bado. No jugar\u00eda con la vida de mi esposo. Mi beb\u00e9 y yo lo estamos esperando\u201d.<\/p>\n\n\n\n<p>El Grupo Palomo surgi\u00f3 en la d\u00e9cada de los a\u00f1os 90 con canciones norte\u00f1as y rom\u00e1nticas. Conformaron su banda tras la inquietud de uno de sus integrantes, Homero Palomo, y comenzaron a tocar en fiestas particulares.<\/p>\n\n\n\n<p>En 1998, firmaron un contrato con la compa\u00f1\u00eda Marcha R\u00e9cords para lanzar su \u00e1lbum debut. La popularidad les lleg\u00f3 en 2001 gracias al disco \u201cNo los conoces a\u00fan\u201d, con el que ganaron un premio.<\/p>\n","protected":false},"excerpt":{"rendered":"<p>Juan Arcos Xalapa, Ver.- El m\u00fasico de Grupo Palomo, Rogelio Montes Y\u00e1\u00f1ez, fue reportado como desaparecido desde el pasado s\u00e1bado 19 de agosto. Particip\u00f3 en un concierto en la ciudad de Tuxpan, al norte del estado de Veracruz, y despu\u00e9s de eso se perdi\u00f3 toda comunicaci\u00f3n con \u00e9l. Los artistas de esta banda regional mexicana [&hellip;]<\/p>\n","protected":false},"author":2476,"featured_media":44162,"comment_status":"open","ping_status":"open","sticky":false,"template":"","format":"standard","meta":{"_jetpack_memberships_contains_paid_content":false,"footnotes":""},"categories":[2],"tags":[],"class_list":["post-44161","post","type-post","status-publish","format-standard","has-post-thumbnail","hentry","category-estado"],"jetpack_featured_media_url":"https:\/\/encuentroinformativo.com.mx\/wp-content\/uploads\/2023\/08\/IMG_2668.jpg","jetpack_sharing_enabled":true,"jetpack_likes_enabled":true,"amp_enabled":true,"_links":{"self":[{"href":"https:\/\/encuentroinformativo.com.mx\/index.php?rest_route=\/wp\/v2\/posts\/44161","targetHints":{"allow":["GET"]}}],"collection":[{"href":"https:\/\/encuentroinformativo.com.mx\/index.php?rest_route=\/wp\/v2\/posts"}],"about":[{"href":"https:\/\/encuentroinformativo.com.mx\/index.php?rest_route=\/wp\/v2\/types\/post"}],"author":[{"embeddable":true,"href":"https:\/\/encuentroinformativo.com.mx\/index.php?rest_route=\/wp\/v2\/users\/2476"}],"replies":[{"embeddable":true,"href":"https:\/\/encuentroinformativo.com.mx\/index.php?rest_route=%2Fwp%2Fv2%2Fcomments&post=44161"}],"version-history":[{"count":1,"href":"https:\/\/encuentroinformativo.com.mx\/index.php?rest_route=\/wp\/v2\/posts\/44161\/revisions"}],"predecessor-version":[{"id":44163,"href":"https:\/\/encuentroinformativo.com.mx\/index.php?rest_route=\/wp\/v2\/posts\/44161\/revisions\/44163"}],"wp:featuredmedia":[{"embeddable":true,"href":"https:\/\/encuentroinformativo.com.mx\/index.php?rest_route=\/wp\/v2\/media\/44162"}],"wp:attachment":[{"href":"https:\/\/encuentroinformativo.com.mx\/index.php?rest_route=%2Fwp%2Fv2%2Fmedia&parent=44161"}],"wp:term":[{"taxonomy":"category","embeddable":true,"href":"https:\/\/encuentroinformativo.com.mx\/index.php?rest_route=%2Fwp%2Fv2%2Fcategories&post=44161"},{"taxonomy":"post_tag","embeddable":true,"href":"https:\/\/encuentroinformativo.com.mx\/index.php?rest_route=%2Fwp%2Fv2%2Ftags&post=44161"}],"curies":[{"name":"wp","href":"https:\/\/api.w.org\/{rel}","templated":true}]}}