{"id":44173,"date":"2023-08-22T18:40:09","date_gmt":"2023-08-23T00:40:09","guid":{"rendered":"https:\/\/encuentroinformativo.com.mx\/?p=44173"},"modified":"2023-08-22T18:40:12","modified_gmt":"2023-08-23T00:40:12","slug":"el-heroico-cuerpo-de-bomberos-conurbados-representa-la-fortaleza-de-boca-del-rio-alcalde-jm-unanue","status":"publish","type":"post","link":"https:\/\/encuentroinformativo.com.mx\/?p=44173","title":{"rendered":"El Heroico Cuerpo de Bomberos Conurbados representa la fortaleza de Boca del R\u00edo: Alcalde JM Un\u00e1nue"},"content":{"rendered":"\n<p><strong>*<em>En el marco del D\u00eda del Bombero, el Alcalde reconoci\u00f3 la labor de los h\u00e9roes sin capa entreg\u00e1ndoles por segundo a\u00f1o consecutivo un bono econ\u00f3mico<\/em>.<\/strong><\/p>\n\n\n\n<p>Boca del R\u00edo, Ver.- Por el D\u00eda del Bombero, el Alcalde de Boca del R\u00edo, Juan Manuel Un\u00e1nue Abascal, reconoci\u00f3 la valent\u00eda y vocaci\u00f3n de los elementos que integran el Heroico Cuerpo de Bomberos Conurbados, a quienes visit\u00f3 este martes en la estaci\u00f3n central.<\/p>\n\n\n\n<p>Record\u00f3 que tanto bomberos como param\u00e9dicos conurbados, continuamente arriesgan su integridad para cuidar la vida de las familias boque\u00f1as y de esta zona conurbada.<\/p>\n\n\n\n<p>\u201cSu trabajo, esfuerzo y dedicaci\u00f3n nos hace sentir orgullosos y agradecidos con el desempe\u00f1o que muestran todos los d\u00edas, ustedes son un ejemplo para seguir construyendo la mejor ciudad de Veracruz\u201d, expres\u00f3 el Alcalde.<\/p>\n\n\n\n<p>Adem\u00e1s, reconoci\u00f3 el esfuerzo del Patronato que preside Antonio Chedrahui Bolado, ya que gracias a su liderazgo y desempe\u00f1o, Boca del R\u00edo cuenta con un cuerpo de elementos de primer nivel.<\/p>\n\n\n\n<p>El Cuerpo de Bomberos se form\u00f3 en el a\u00f1o de 1979, hoy en d\u00eda cuenta con dos estaciones, 35 elementos de base y ocho voluntarios, quienes dan servicio al municipio de Boca del R\u00edo, Veracruz, Medell\u00edn de Bravo, Alvarado y otras ciudades con mayor lejan\u00eda en caso de ser necesario.<\/p>\n\n\n\n<p>Un\u00e1nue Abascal enfatiz\u00f3 que cuentan con su respaldo, destacando que para este gobierno su presencia es sin\u00f3nimo de calma frente alg\u00fan desastre.<\/p>\n\n\n\n<p>Asimismo, el edil reiter\u00f3 que un bombero mejor capacitado disminuye tambi\u00e9n los riesgos, tanto para su vida como de las que protegen, por eso es importante seguir d\u00e1ndoles todo el apoyo.<\/p>\n\n\n\n<p>Por su parte, Antonio Chedrahui Bolado, Presidente del Patronato del Heroico Cuerpo de Bomberos Conurbados, agradeci\u00f3 la presencia del Alcalde boque\u00f1o en este d\u00eda tan importante para la corporaci\u00f3n.<\/p>\n\n\n\n<p>\u201cGracias por acompa\u00f1arnos en un D\u00eda del Bombero m\u00e1s, estamos trabajando como todos los d\u00edas dando lo mejor por la comunidad, gracias por el trabajo y esfuerzo que hacen por Boca del R\u00edo\u201d, dijo Chedrahui Bolado.<\/p>\n\n\n\n<p>Presentes estuvieron el Comandante Omar Armas Corro, integrantes del patronato, as\u00ed como el Director de Protecci\u00f3n Civil de Boca del R\u00edo, Jorge Rojas Hern\u00e1ndez y David Jurado, Director de la Polic\u00eda Municipal.<\/p>\n","protected":false},"excerpt":{"rendered":"<p>*En el marco del D\u00eda del Bombero, el Alcalde reconoci\u00f3 la labor de los h\u00e9roes sin capa entreg\u00e1ndoles por segundo a\u00f1o consecutivo un bono econ\u00f3mico. Boca del R\u00edo, Ver.- Por el D\u00eda del Bombero, el Alcalde de Boca del R\u00edo, Juan Manuel Un\u00e1nue Abascal, reconoci\u00f3 la valent\u00eda y vocaci\u00f3n de los elementos que integran el [&hellip;]<\/p>\n","protected":false},"author":2476,"featured_media":44174,"comment_status":"open","ping_status":"open","sticky":false,"template":"","format":"standard","meta":{"_jetpack_memberships_contains_paid_content":false,"footnotes":""},"categories":[2],"tags":[],"class_list":["post-44173","post","type-post","status-publish","format-standard","has-post-thumbnail","hentry","category-estado"],"jetpack_featured_media_url":"https:\/\/encuentroinformativo.com.mx\/wp-content\/uploads\/2023\/08\/IMG-20230822-WA00812.jpg","jetpack_sharing_enabled":true,"jetpack_likes_enabled":true,"amp_enabled":true,"_links":{"self":[{"href":"https:\/\/encuentroinformativo.com.mx\/index.php?rest_route=\/wp\/v2\/posts\/44173","targetHints":{"allow":["GET"]}}],"collection":[{"href":"https:\/\/encuentroinformativo.com.mx\/index.php?rest_route=\/wp\/v2\/posts"}],"about":[{"href":"https:\/\/encuentroinformativo.com.mx\/index.php?rest_route=\/wp\/v2\/types\/post"}],"author":[{"embeddable":true,"href":"https:\/\/encuentroinformativo.com.mx\/index.php?rest_route=\/wp\/v2\/users\/2476"}],"replies":[{"embeddable":true,"href":"https:\/\/encuentroinformativo.com.mx\/index.php?rest_route=%2Fwp%2Fv2%2Fcomments&post=44173"}],"version-history":[{"count":1,"href":"https:\/\/encuentroinformativo.com.mx\/index.php?rest_route=\/wp\/v2\/posts\/44173\/revisions"}],"predecessor-version":[{"id":44175,"href":"https:\/\/encuentroinformativo.com.mx\/index.php?rest_route=\/wp\/v2\/posts\/44173\/revisions\/44175"}],"wp:featuredmedia":[{"embeddable":true,"href":"https:\/\/encuentroinformativo.com.mx\/index.php?rest_route=\/wp\/v2\/media\/44174"}],"wp:attachment":[{"href":"https:\/\/encuentroinformativo.com.mx\/index.php?rest_route=%2Fwp%2Fv2%2Fmedia&parent=44173"}],"wp:term":[{"taxonomy":"category","embeddable":true,"href":"https:\/\/encuentroinformativo.com.mx\/index.php?rest_route=%2Fwp%2Fv2%2Fcategories&post=44173"},{"taxonomy":"post_tag","embeddable":true,"href":"https:\/\/encuentroinformativo.com.mx\/index.php?rest_route=%2Fwp%2Fv2%2Ftags&post=44173"}],"curies":[{"name":"wp","href":"https:\/\/api.w.org\/{rel}","templated":true}]}}