{"id":44180,"date":"2023-08-23T10:51:00","date_gmt":"2023-08-23T16:51:00","guid":{"rendered":"https:\/\/encuentroinformativo.com.mx\/?p=44180"},"modified":"2023-08-22T21:55:29","modified_gmt":"2023-08-23T03:55:29","slug":"nuestra-causa-es-la-justicia-jose-manuel-del-rio","status":"publish","type":"post","link":"https:\/\/encuentroinformativo.com.mx\/?p=44180","title":{"rendered":"Nuestra causa es la justicia: Jos\u00e9 Manuel Del R\u00edo"},"content":{"rendered":"\n<p><strong>Elisa Aburto<\/strong><\/p>\n\n\n\n<p>Xalapa, Ver.- El Proyecto Inocencia, es un \u201cproyecto noble\u201d porque defiende inocentes, as\u00ed lo afirm\u00f3 Jos\u00e9 Manuel del R\u00edo Virgen, secretario t\u00e9cnico de la Junta de Coordinaci\u00f3n Pol\u00edtica en el Senado de la Rep\u00fablica.<\/p>\n\n\n\n<p>Durante un encuentro con representantes de medios de comunicaci\u00f3n, el tambi\u00e9n ex alcalde, explic\u00f3 que a su paso por Pacho Viejo conoci\u00f3 de distintos casos donde las personas se encuentran recluidas a pesar de ser inocentes por lo que ahora buscan con el Proyecto Inocencia brindarles la asesor\u00eda y ayuda legal necesaria para que puedan obtener su libertad. &nbsp;&nbsp;<\/p>\n\n\n\n<p>\u201cNuestra causa es la justicia, el Proyecto Inocencia, es un proyecto noble porque defiende inocentes. Nosotros Tom\u00e1s (Mundo), Dante (Delgado) y yo hemos tomado una decisi\u00f3n y tomamos la decisi\u00f3n de que nuestra causa es la justicia, porque cuando tu pierdes la libertad es terrible, es lo m\u00e1s terrible, por eso nuestro objetivo es que haya justicia en Veracruz\u201d.<\/p>\n\n\n\n<p>Lo nuestro es la ley, la ley hay que respetarla, la ley es la ley y vamos a sacarla adelante, porque sino no vamos a recuperar a Veracruz, enfatiz\u00f3.<\/p>\n\n\n\n<p>Finalmente Del R\u00edo Virgen ejemplific\u00f3 que han detectado que en algunos casos donde las personas privadas de libertad son de zonas ind\u00edgenas y no hablan espa\u00f1ol, est\u00e1n pagando una sentencia, sin que durante su proceso hayan contado con un interprete.<\/p>\n","protected":false},"excerpt":{"rendered":"<p>Elisa Aburto Xalapa, Ver.- El Proyecto Inocencia, es un \u201cproyecto noble\u201d porque defiende inocentes, as\u00ed lo afirm\u00f3 Jos\u00e9 Manuel del R\u00edo Virgen, secretario t\u00e9cnico de la Junta de Coordinaci\u00f3n Pol\u00edtica en el Senado de la Rep\u00fablica. Durante un encuentro con representantes de medios de comunicaci\u00f3n, el tambi\u00e9n ex alcalde, explic\u00f3 que a su paso por [&hellip;]<\/p>\n","protected":false},"author":2476,"featured_media":44183,"comment_status":"open","ping_status":"open","sticky":false,"template":"","format":"standard","meta":{"_jetpack_memberships_contains_paid_content":false,"footnotes":""},"categories":[2],"tags":[],"class_list":["post-44180","post","type-post","status-publish","format-standard","has-post-thumbnail","hentry","category-estado"],"jetpack_featured_media_url":"https:\/\/encuentroinformativo.com.mx\/wp-content\/uploads\/2023\/08\/Photo_16927223259132.jpg","jetpack_sharing_enabled":true,"jetpack_likes_enabled":true,"amp_enabled":true,"_links":{"self":[{"href":"https:\/\/encuentroinformativo.com.mx\/index.php?rest_route=\/wp\/v2\/posts\/44180","targetHints":{"allow":["GET"]}}],"collection":[{"href":"https:\/\/encuentroinformativo.com.mx\/index.php?rest_route=\/wp\/v2\/posts"}],"about":[{"href":"https:\/\/encuentroinformativo.com.mx\/index.php?rest_route=\/wp\/v2\/types\/post"}],"author":[{"embeddable":true,"href":"https:\/\/encuentroinformativo.com.mx\/index.php?rest_route=\/wp\/v2\/users\/2476"}],"replies":[{"embeddable":true,"href":"https:\/\/encuentroinformativo.com.mx\/index.php?rest_route=%2Fwp%2Fv2%2Fcomments&post=44180"}],"version-history":[{"count":1,"href":"https:\/\/encuentroinformativo.com.mx\/index.php?rest_route=\/wp\/v2\/posts\/44180\/revisions"}],"predecessor-version":[{"id":44181,"href":"https:\/\/encuentroinformativo.com.mx\/index.php?rest_route=\/wp\/v2\/posts\/44180\/revisions\/44181"}],"wp:featuredmedia":[{"embeddable":true,"href":"https:\/\/encuentroinformativo.com.mx\/index.php?rest_route=\/wp\/v2\/media\/44183"}],"wp:attachment":[{"href":"https:\/\/encuentroinformativo.com.mx\/index.php?rest_route=%2Fwp%2Fv2%2Fmedia&parent=44180"}],"wp:term":[{"taxonomy":"category","embeddable":true,"href":"https:\/\/encuentroinformativo.com.mx\/index.php?rest_route=%2Fwp%2Fv2%2Fcategories&post=44180"},{"taxonomy":"post_tag","embeddable":true,"href":"https:\/\/encuentroinformativo.com.mx\/index.php?rest_route=%2Fwp%2Fv2%2Ftags&post=44180"}],"curies":[{"name":"wp","href":"https:\/\/api.w.org\/{rel}","templated":true}]}}