{"id":44190,"date":"2023-08-23T10:18:18","date_gmt":"2023-08-23T16:18:18","guid":{"rendered":"https:\/\/encuentroinformativo.com.mx\/?p=44190"},"modified":"2023-08-23T10:18:21","modified_gmt":"2023-08-23T16:18:21","slug":"sistema-emergente-educativo-de-bachillerato-gradua-a-familias-completas-regidora","status":"publish","type":"post","link":"https:\/\/encuentroinformativo.com.mx\/?p=44190","title":{"rendered":"Sistema Emergente Educativo de Bachillerato gradua a familias completas: Regidora"},"content":{"rendered":"\n<p><strong>Alejandro \u00c1vila<\/strong><\/p>\n\n\n\n<p>Veracruz, Ver.- El pasado 18 de agosto se llev\u00f3 a cabo la graduaci\u00f3n de la segunda generaci\u00f3n del 2023, del Sistema Emergente Educativo Bachillerato en l\u00ednea de Veracruz; estos alumnos a trav\u00e9s del programa L\u00edderes Solidarios que encabeza la regidora, Lissethe Mart\u00ednez Echeverr\u00eda, obtuvieron un subsidio del 100 por ciento para sus estudios.<\/p>\n\n\n\n<p>La edil morenista relato que logr\u00f3 un convenio para que la Secretar\u00eda de Educaci\u00f3n de Veracruz (SEV) aportar\u00e1 el 50 por ciento del gasto, mientras que el 50 por ciento restante, lo absorbi\u00f3 la regidora del ayuntamiento de Veracruz.<\/p>\n\n\n\n<p>Lissethe Mart\u00ednez mencion\u00f3 que entre los 22 graduados del pasado viernes 18 de agosto hubo casos particulares pues dos familias completas lograron obtener su t\u00edtulo de educaci\u00f3n media superior.<\/p>\n\n\n\n<p>&#8220;Los beneficiados al d\u00eda de hoy son alrededor de 200 personas. Sin embargo los graduados a este a\u00f1o, han sido 100 personas graduadas, actualmente tenemos estudiando en este sistema de modalidad en l\u00ednea 100 personas, entonces ya tenemos la primera graduaci\u00f3n, que tambi\u00e9n el a\u00f1o pasado lo pudimos celebrar de personas que culminaron su bachillerato en l\u00ednea. Este a\u00f1o fue muy significativo porque se graduaron familias completas, mam\u00e1, pap\u00e1 e hijo, dos familias completas que terminaron su bachillerato en esta modalidad&#8221;, destac\u00f3.<\/p>\n\n\n\n<p>Aunado al apoyo en el subsidio de sus estudios, la regidora, Lissethe Mart\u00ednez, resalt\u00f3 que se les logr\u00f3 conseguir las &#8220;Becas Benito Ju\u00e1rez&#8221;, situaci\u00f3n que ayud\u00f3 a las familias a empoderarse educativa y econ\u00f3micamente.<\/p>\n\n\n\n<p>La edil morenista, mencion\u00f3 que los interesados este beneficio podr\u00e1n solicitar el apoyo a trav\u00e9s de sus redes sociales.<\/p>\n","protected":false},"excerpt":{"rendered":"<p>Alejandro \u00c1vila Veracruz, Ver.- El pasado 18 de agosto se llev\u00f3 a cabo la graduaci\u00f3n de la segunda generaci\u00f3n del 2023, del Sistema Emergente Educativo Bachillerato en l\u00ednea de Veracruz; estos alumnos a trav\u00e9s del programa L\u00edderes Solidarios que encabeza la regidora, Lissethe Mart\u00ednez Echeverr\u00eda, obtuvieron un subsidio del 100 por ciento para sus estudios. [&hellip;]<\/p>\n","protected":false},"author":2476,"featured_media":44191,"comment_status":"open","ping_status":"open","sticky":false,"template":"","format":"standard","meta":{"_jetpack_memberships_contains_paid_content":false,"footnotes":""},"categories":[2],"tags":[],"class_list":["post-44190","post","type-post","status-publish","format-standard","has-post-thumbnail","hentry","category-estado"],"jetpack_featured_media_url":"https:\/\/encuentroinformativo.com.mx\/wp-content\/uploads\/2023\/08\/IMG-20230823-WA0018.jpg","jetpack_sharing_enabled":true,"jetpack_likes_enabled":true,"amp_enabled":true,"_links":{"self":[{"href":"https:\/\/encuentroinformativo.com.mx\/index.php?rest_route=\/wp\/v2\/posts\/44190","targetHints":{"allow":["GET"]}}],"collection":[{"href":"https:\/\/encuentroinformativo.com.mx\/index.php?rest_route=\/wp\/v2\/posts"}],"about":[{"href":"https:\/\/encuentroinformativo.com.mx\/index.php?rest_route=\/wp\/v2\/types\/post"}],"author":[{"embeddable":true,"href":"https:\/\/encuentroinformativo.com.mx\/index.php?rest_route=\/wp\/v2\/users\/2476"}],"replies":[{"embeddable":true,"href":"https:\/\/encuentroinformativo.com.mx\/index.php?rest_route=%2Fwp%2Fv2%2Fcomments&post=44190"}],"version-history":[{"count":1,"href":"https:\/\/encuentroinformativo.com.mx\/index.php?rest_route=\/wp\/v2\/posts\/44190\/revisions"}],"predecessor-version":[{"id":44192,"href":"https:\/\/encuentroinformativo.com.mx\/index.php?rest_route=\/wp\/v2\/posts\/44190\/revisions\/44192"}],"wp:featuredmedia":[{"embeddable":true,"href":"https:\/\/encuentroinformativo.com.mx\/index.php?rest_route=\/wp\/v2\/media\/44191"}],"wp:attachment":[{"href":"https:\/\/encuentroinformativo.com.mx\/index.php?rest_route=%2Fwp%2Fv2%2Fmedia&parent=44190"}],"wp:term":[{"taxonomy":"category","embeddable":true,"href":"https:\/\/encuentroinformativo.com.mx\/index.php?rest_route=%2Fwp%2Fv2%2Fcategories&post=44190"},{"taxonomy":"post_tag","embeddable":true,"href":"https:\/\/encuentroinformativo.com.mx\/index.php?rest_route=%2Fwp%2Fv2%2Ftags&post=44190"}],"curies":[{"name":"wp","href":"https:\/\/api.w.org\/{rel}","templated":true}]}}