{"id":44196,"date":"2023-08-23T12:12:21","date_gmt":"2023-08-23T18:12:21","guid":{"rendered":"https:\/\/encuentroinformativo.com.mx\/?p=44196"},"modified":"2023-08-23T12:12:25","modified_gmt":"2023-08-23T18:12:25","slug":"localizan-a-menor-extraviada-en-ayahualulco","status":"publish","type":"post","link":"https:\/\/encuentroinformativo.com.mx\/?p=44196","title":{"rendered":"Localizan a menor extraviada en Ayahualulco"},"content":{"rendered":"\n<p><strong>Juan Arcos <\/strong><\/p>\n\n\n\n<p>Xalapa, Ver.- La ni\u00f1a Tania, de 13 a\u00f1os, que hab\u00eda sido reportada como desaparecida desde el pasado domingo 20 de agosto en Los Altos, municipio de Ayahualulco, fue localizada y ya se encuentra con sus familiares.<\/p>\n\n\n\n<p>Ella fue encontrada la noche del martes 22 de agosto cerca de la cancha de la comunidad, pero estaba desorientada, se presume que bajo los efectos de alguna droga, situaci\u00f3n que no ha sido confirmada de manera oficial.<\/p>\n\n\n\n<p>El pueblo se organiz\u00f3 para realizar jornadas de b\u00fasqueda y cerrar las entradas y salidas de la localidad Los Altos, donde la menor hab\u00eda sido vista por \u00faltima vez.<\/p>\n\n\n\n<p>La gente se concentr\u00f3 en la parroquia San Juan Evangelista, donde se tocaron las campanas y despu\u00e9s iniciaron sus acciones para la localizaci\u00f3n de Tania Yaretzi Torres Torres.<\/p>\n\n\n\n<p>Los habitantes colocaron retenes ciudadanos sobre el acceso principal a comunidad, donde revisaban los veh\u00edculos y las unidades de transporte p\u00fablico en busca de la menor.<\/p>\n\n\n\n<p>La ni\u00f1a hab\u00eda sido vista deambulando alrededor de las 11 de la noche del pasado lunes 21 de agosto en las calles Ni\u00f1os H\u00e9roes, Calzada de Guadalupe y Galeana, y en la calle Adolfo L\u00f3pez Mateos.<\/p>\n\n\n\n<p>&#8220;Muchas gracias a todos en general gracias por sus buenos y malos comentarios. Yo creo que todos estamos expuestos a cosas como \u00e9sta cuando se tienen hijos lo importante es que mi sobrina ya est\u00e1 en casa solo se sabe que estaba en el pueblo y pues a\u00fan no sabemos con certeza el lugar o con qui\u00e9n pero gracias a todo el movimiento que se hizo, mil gracias a todos los pueblos vecinos. Por este medio nos damos cuenta que juntos se logran grandes cosas. Ella est\u00e1 en casa y pues es lo importante. Hay que estar alerta de que hay gente que da\u00f1a a nuestros j\u00f3venes\u201d, se lee en un comentario de la Mari Torres Trujillo, t\u00eda de la menor.<\/p>\n\n\n\n<p>En redes sociales se difunde la ficha de la Comisi\u00f3n Estatal de B\u00fasqueda n\u00famero 23SB1325U-23ZC emitida por este caso de desaparici\u00f3n, con la leyenda: \u201clocalizada\u201d, para informar que Tania ya est\u00e1 con su familia.<\/p>\n","protected":false},"excerpt":{"rendered":"<p>Juan Arcos Xalapa, Ver.- La ni\u00f1a Tania, de 13 a\u00f1os, que hab\u00eda sido reportada como desaparecida desde el pasado domingo 20 de agosto en Los Altos, municipio de Ayahualulco, fue localizada y ya se encuentra con sus familiares. Ella fue encontrada la noche del martes 22 de agosto cerca de la cancha de la comunidad, [&hellip;]<\/p>\n","protected":false},"author":2476,"featured_media":44197,"comment_status":"open","ping_status":"open","sticky":false,"template":"","format":"standard","meta":{"_jetpack_memberships_contains_paid_content":false,"footnotes":""},"categories":[2],"tags":[],"class_list":["post-44196","post","type-post","status-publish","format-standard","has-post-thumbnail","hentry","category-estado"],"jetpack_featured_media_url":"https:\/\/encuentroinformativo.com.mx\/wp-content\/uploads\/2023\/08\/IMG_27052.jpg","jetpack_sharing_enabled":true,"jetpack_likes_enabled":true,"amp_enabled":true,"_links":{"self":[{"href":"https:\/\/encuentroinformativo.com.mx\/index.php?rest_route=\/wp\/v2\/posts\/44196","targetHints":{"allow":["GET"]}}],"collection":[{"href":"https:\/\/encuentroinformativo.com.mx\/index.php?rest_route=\/wp\/v2\/posts"}],"about":[{"href":"https:\/\/encuentroinformativo.com.mx\/index.php?rest_route=\/wp\/v2\/types\/post"}],"author":[{"embeddable":true,"href":"https:\/\/encuentroinformativo.com.mx\/index.php?rest_route=\/wp\/v2\/users\/2476"}],"replies":[{"embeddable":true,"href":"https:\/\/encuentroinformativo.com.mx\/index.php?rest_route=%2Fwp%2Fv2%2Fcomments&post=44196"}],"version-history":[{"count":1,"href":"https:\/\/encuentroinformativo.com.mx\/index.php?rest_route=\/wp\/v2\/posts\/44196\/revisions"}],"predecessor-version":[{"id":44198,"href":"https:\/\/encuentroinformativo.com.mx\/index.php?rest_route=\/wp\/v2\/posts\/44196\/revisions\/44198"}],"wp:featuredmedia":[{"embeddable":true,"href":"https:\/\/encuentroinformativo.com.mx\/index.php?rest_route=\/wp\/v2\/media\/44197"}],"wp:attachment":[{"href":"https:\/\/encuentroinformativo.com.mx\/index.php?rest_route=%2Fwp%2Fv2%2Fmedia&parent=44196"}],"wp:term":[{"taxonomy":"category","embeddable":true,"href":"https:\/\/encuentroinformativo.com.mx\/index.php?rest_route=%2Fwp%2Fv2%2Fcategories&post=44196"},{"taxonomy":"post_tag","embeddable":true,"href":"https:\/\/encuentroinformativo.com.mx\/index.php?rest_route=%2Fwp%2Fv2%2Ftags&post=44196"}],"curies":[{"name":"wp","href":"https:\/\/api.w.org\/{rel}","templated":true}]}}