{"id":44199,"date":"2023-08-23T12:18:49","date_gmt":"2023-08-23T18:18:49","guid":{"rendered":"https:\/\/encuentroinformativo.com.mx\/?p=44199"},"modified":"2023-08-23T12:18:54","modified_gmt":"2023-08-23T18:18:54","slug":"se-blinda-boca-del-rio-ante-nuevo-evento-de-lluvias","status":"publish","type":"post","link":"https:\/\/encuentroinformativo.com.mx\/?p=44199","title":{"rendered":"Se blinda Boca del R\u00edo ante nuevo evento de lluvias"},"content":{"rendered":"\n<p><strong>Alejandro \u00c1vila<\/strong><\/p>\n\n\n\n<p>Boca del R\u00edo, Ver.- El alcalde, Juan Manuel Unanue Abascal mencion\u00f3 que las \u00e1reas operativas del municipio se encuentran listas para el nuevo evento de lluvias programado para la noche de este mi\u00e9rcoles.<\/p>\n\n\n\n<p>En cu\u00e1l programa de bacheo dijo que se sigue trabajando como se ten\u00eda previsto, aunque reconoci\u00f3 que por la temporada de lluvia la situaci\u00f3n se complica, ya que debido a la precipitaci\u00f3n pluvial es complicado sacar mezcla y cortar para realizar el bacheo.<\/p>\n\n\n\n<p>&#8220;Estamos con seis cuadrillas en diferentes puntos de la ciudad, hace falta mucho por hacer pero seguiremos todo el a\u00f1o con el programa de bacheo, se est\u00e1 atendiendo obviamente en colonias y fraccionamientos, y estamos con un trabajo muy puntual y muy importante en la comunidad de Paso Colorado, estamos llevando material y se est\u00e1n emparejando absolutamente todas las vialidades de esta comunidad, y con esto prevenimos inundaciones, charcos, y es un trabajo que se est\u00e1 haciendo completo (\u2026) el d\u00eda de hoy por la tarde noche inician lluvias fuertes, las \u00e1reas operativas est\u00e1n listas para cualquier reporte, cualquier situaci\u00f3n ciudadana, mi director de Protecci\u00f3n Civil est\u00e1 pendiente de los reportes que de conocer Protecci\u00f3n Civil Estatal, y estamos pendientes de esto, vendr\u00e1n vientos de 40 kilometros por hora y mucha agua&#8221;, puntualiz\u00f3.<\/p>\n\n\n\n<p>El otro tema, dijo que la temporada vacacional fue bastante exitosa en el municipio de Boca del R\u00edo, ya que dej\u00f3 una ocupaci\u00f3n hotelera superior al 75 por ciento y una gran derrama econ\u00f3mica para los comercios de la ciudad.<\/p>\n","protected":false},"excerpt":{"rendered":"<p>Alejandro \u00c1vila Boca del R\u00edo, Ver.- El alcalde, Juan Manuel Unanue Abascal mencion\u00f3 que las \u00e1reas operativas del municipio se encuentran listas para el nuevo evento de lluvias programado para la noche de este mi\u00e9rcoles. En cu\u00e1l programa de bacheo dijo que se sigue trabajando como se ten\u00eda previsto, aunque reconoci\u00f3 que por la temporada [&hellip;]<\/p>\n","protected":false},"author":2476,"featured_media":44200,"comment_status":"open","ping_status":"open","sticky":false,"template":"","format":"standard","meta":{"_jetpack_memberships_contains_paid_content":false,"footnotes":""},"categories":[2],"tags":[],"class_list":["post-44199","post","type-post","status-publish","format-standard","has-post-thumbnail","hentry","category-estado"],"jetpack_featured_media_url":"https:\/\/encuentroinformativo.com.mx\/wp-content\/uploads\/2023\/08\/IMG-20230823-WA00282.jpg","jetpack_sharing_enabled":true,"jetpack_likes_enabled":true,"amp_enabled":true,"_links":{"self":[{"href":"https:\/\/encuentroinformativo.com.mx\/index.php?rest_route=\/wp\/v2\/posts\/44199","targetHints":{"allow":["GET"]}}],"collection":[{"href":"https:\/\/encuentroinformativo.com.mx\/index.php?rest_route=\/wp\/v2\/posts"}],"about":[{"href":"https:\/\/encuentroinformativo.com.mx\/index.php?rest_route=\/wp\/v2\/types\/post"}],"author":[{"embeddable":true,"href":"https:\/\/encuentroinformativo.com.mx\/index.php?rest_route=\/wp\/v2\/users\/2476"}],"replies":[{"embeddable":true,"href":"https:\/\/encuentroinformativo.com.mx\/index.php?rest_route=%2Fwp%2Fv2%2Fcomments&post=44199"}],"version-history":[{"count":1,"href":"https:\/\/encuentroinformativo.com.mx\/index.php?rest_route=\/wp\/v2\/posts\/44199\/revisions"}],"predecessor-version":[{"id":44201,"href":"https:\/\/encuentroinformativo.com.mx\/index.php?rest_route=\/wp\/v2\/posts\/44199\/revisions\/44201"}],"wp:featuredmedia":[{"embeddable":true,"href":"https:\/\/encuentroinformativo.com.mx\/index.php?rest_route=\/wp\/v2\/media\/44200"}],"wp:attachment":[{"href":"https:\/\/encuentroinformativo.com.mx\/index.php?rest_route=%2Fwp%2Fv2%2Fmedia&parent=44199"}],"wp:term":[{"taxonomy":"category","embeddable":true,"href":"https:\/\/encuentroinformativo.com.mx\/index.php?rest_route=%2Fwp%2Fv2%2Fcategories&post=44199"},{"taxonomy":"post_tag","embeddable":true,"href":"https:\/\/encuentroinformativo.com.mx\/index.php?rest_route=%2Fwp%2Fv2%2Ftags&post=44199"}],"curies":[{"name":"wp","href":"https:\/\/api.w.org\/{rel}","templated":true}]}}